{"id":643,"date":"2026-03-13T10:25:31","date_gmt":"2026-03-13T10:25:31","guid":{"rendered":"https:\/\/st-ilgen-tigy.de\/?p=643"},"modified":"2026-03-13T10:25:32","modified_gmt":"2026-03-13T10:25:32","slug":"mitgliederversammlung-am-29-maerz-2026","status":"publish","type":"post","link":"https:\/\/st-ilgen-tigy.de\/index.php\/2026\/03\/13\/mitgliederversammlung-am-29-maerz-2026\/","title":{"rendered":"Mitgliederversammlung am 29. M\u00e4rz 2026"},"content":{"rendered":"\n<p>Herzliche Einladung zu unserer Mitgliederversammlung am 29. M\u00e4rz 2026, 17.00 Uhr in der Aegidiushalle, Pestalozzistra\u00dfe 5-7, St. Ilgen<\/p>\n\n\n\n<p>Tagesordnung:<\/p>\n\n\n\n<ol class=\"wp-block-list\">\n<li>Begr\u00fc\u00dfung<\/li>\n\n\n\n<li>Feststellung der ordnungsgem\u00e4\u00dfen Einberufung und Beschlussf\u00e4higkeit<\/li>\n\n\n\n<li>Totenehrung<\/li>\n\n\n\n<li>Berichte des Vorstands<\/li>\n\n\n\n<li>Bericht der Kassenpr\u00fcfer<\/li>\n\n\n\n<li><strong>Neuwahlen<\/strong> des Vorstands: Pr\u00e4sident, Vizepr\u00e4sident, Schriftf\u00fchrer, Pressewart, Schatzmeister, Organisationsleiter, Beauftragter f\u00fcr Quartierbeschaffung, Beisitzer<\/li>\n\n\n\n<li>Neuwahl der Kassenpr\u00fcfer<\/li>\n\n\n\n<li><strong>Neufassung der Satzung.<\/strong> (siehe Anlage)<\/li>\n\n\n\n<li>Ausblick auf das kommende Gesch\u00e4ftsjahr: Fahrt nach Tigy vom 4. bis zum 7. Juni 2026, Jugendaustausch<\/li>\n\n\n\n<li>Ehrungen f\u00fcr langj\u00e4hrige Mitgliedschaft<\/li>\n\n\n\n<li>Verschiedenes<\/li>\n<\/ol>\n\n\n\n<div data-wp-interactive=\"core\/file\" class=\"wp-block-file\"><object data-wp-bind--hidden=\"!state.hasPdfPreview\" hidden class=\"wp-block-file__embed\" data=\"https:\/\/st-ilgen-tigy.de\/wp-content\/uploads\/2026\/03\/SATZUNG-NEU-2026.pdf\" type=\"application\/pdf\" style=\"width:100%;height:600px\" aria-label=\"Einbettung von SATZUNG NEU 2026.\"><\/object><a id=\"wp-block-file--media-abf17f15-d10e-4046-b783-ec6211daa386\" href=\"https:\/\/st-ilgen-tigy.de\/wp-content\/uploads\/2026\/03\/SATZUNG-NEU-2026.pdf\">SATZUNG NEU 2026<\/a><a href=\"https:\/\/st-ilgen-tigy.de\/wp-content\/uploads\/2026\/03\/SATZUNG-NEU-2026.pdf\" class=\"wp-block-file__button wp-element-button\" download aria-describedby=\"wp-block-file--media-abf17f15-d10e-4046-b783-ec6211daa386\">Herunterladen<\/a><\/div>\n\n\n\n<p>Der Vorstand<\/p>\n\n\n\n<p><\/p>\n","protected":false},"excerpt":{"rendered":"<p>Herzliche Einladung zu unserer Mitgliederversammlung am 29. M\u00e4rz 2026, 17.00 Uhr in der Aegidiushalle, Pestalozzistra\u00dfe 5-7, St. Ilgen Tagesordnung: Der Vorstand<\/p>\n","protected":false},"author":5,"featured_media":0,"comment_status":"open","ping_status":"closed","sticky":false,"template":"","format":"standard","meta":{"footnotes":""},"categories":[1],"tags":[],"class_list":["post-643","post","type-post","status-publish","format-standard","hentry","category-uncategorized"],"_links":{"self":[{"href":"https:\/\/st-ilgen-tigy.de\/index.php\/wp-json\/wp\/v2\/posts\/643","targetHints":{"allow":["GET"]}}],"collection":[{"href":"https:\/\/st-ilgen-tigy.de\/index.php\/wp-json\/wp\/v2\/posts"}],"about":[{"href":"https:\/\/st-ilgen-tigy.de\/index.php\/wp-json\/wp\/v2\/types\/post"}],"author":[{"embeddable":true,"href":"https:\/\/st-ilgen-tigy.de\/index.php\/wp-json\/wp\/v2\/users\/5"}],"replies":[{"embeddable":true,"href":"https:\/\/st-ilgen-tigy.de\/index.php\/wp-json\/wp\/v2\/comments?post=643"}],"version-history":[{"count":1,"href":"https:\/\/st-ilgen-tigy.de\/index.php\/wp-json\/wp\/v2\/posts\/643\/revisions"}],"predecessor-version":[{"id":645,"href":"https:\/\/st-ilgen-tigy.de\/index.php\/wp-json\/wp\/v2\/posts\/643\/revisions\/645"}],"wp:attachment":[{"href":"https:\/\/st-ilgen-tigy.de\/index.php\/wp-json\/wp\/v2\/media?parent=643"}],"wp:term":[{"taxonomy":"category","embeddable":true,"href":"https:\/\/st-ilgen-tigy.de\/index.php\/wp-json\/wp\/v2\/categories?post=643"},{"taxonomy":"post_tag","embeddable":true,"href":"https:\/\/st-ilgen-tigy.de\/index.php\/wp-json\/wp\/v2\/tags?post=643"}],"curies":[{"name":"wp","href":"https:\/\/api.w.org\/{rel}","templated":true}]}}