{"id":607,"date":"2025-09-23T15:12:58","date_gmt":"2025-09-23T15:12:58","guid":{"rendered":"http:\/\/st-ilgen-tigy.de\/?p=607"},"modified":"2025-09-21T15:33:52","modified_gmt":"2025-09-21T15:33:52","slug":"ein-herzensguter-mensch-ist-von-uns-gegangen","status":"publish","type":"post","link":"https:\/\/st-ilgen-tigy.de\/index.php\/2025\/09\/23\/ein-herzensguter-mensch-ist-von-uns-gegangen\/","title":{"rendered":"Ein herzensguter Mensch ist von uns gegangen"},"content":{"rendered":"\n<p><strong>Wir trauern mit unseren franz\u00f6sischen Freunden um Tigys langj\u00e4hrigen B\u00fcrgermeister und \u00fcberzeugten Europ\u00e4er No\u00ebl Le Goff<\/strong><\/p>\n\n\n\n<figure class=\"wp-block-image size-full is-resized\"><img loading=\"lazy\" decoding=\"async\" width=\"418\" height=\"424\" src=\"http:\/\/st-ilgen-tigy.de\/wp-content\/uploads\/2025\/09\/2000007483438.jpg\" alt=\"\" class=\"wp-image-608\" style=\"width:409px;height:auto\" srcset=\"https:\/\/st-ilgen-tigy.de\/wp-content\/uploads\/2025\/09\/2000007483438.jpg 418w, https:\/\/st-ilgen-tigy.de\/wp-content\/uploads\/2025\/09\/2000007483438-296x300.jpg 296w\" sizes=\"auto, (max-width: 418px) 100vw, 418px\" \/><\/figure>\n\n\n\n<p>Am Freitag, den 12. September, ist No\u00ebl Le Goff im Alter von 73 Jahren verstorben, nachdem er lange und mit gro\u00dfem Mut gegen den Krebs gek\u00e4mpft hat. In unserer Erinnerung wird er f\u00fcr immer bleiben als ein Mensch voller Empathie und Herzlichkeit im Dienste seiner Mitb\u00fcrger, als eine Pers\u00f6nlichkeit, die Br\u00fccken zwischen Menschen schlug und das gegenseitige Verst\u00e4ndnis f\u00f6rderte.<\/p>\n\n\n\n<p>Seit Bestehen der Partnerschaft war <a>No\u00ebl Le Goff <\/a>darin aktiv und in seiner Zeit als B\u00fcrgermeister ihr gro\u00dfer F\u00f6rderer. Die j\u00e4hrlichen Begegnungen w\u00e4hrend der Partnerschaftstreffen waren ihm ein pers\u00f6nliches Anliegen, an denen er regelm\u00e4\u00dfig teilnahm und sogar manches Pers\u00f6nliche diesem hintenanstellte, wie z. B. die Goldene Hochzeit, die er im Rahmen unseres 50j\u00e4hrigen Partnerschaftsjubil\u00e4ums in St. Ilgen feierte. Von seiner Krankheit schon schwer gezeichnet lie\u00df er sich es nicht nehmen auch dieses Jahr noch einmal nach St. Ilgen zu kommen.<\/p>\n\n\n\n<p>Er war ein Mann der Tat, der hartn\u00e4ckig f\u00fcr seine \u00dcberzeugungen eintrat und stets das Wohl der Menschen in den Mittelpunkt stellte. In Tigy hat er sich insbesondere durch die Errichtung des Gemeinschaftsgymnasiums und die Einrichtung eines von der Kinder- und Jugendhilfe betriebenen Kinderdorfes bleibende Verdienste erworben. F\u00fcr sein Engagement und seine Verdienste um die St\u00e4dtepartnerschaft wurde er 2022 von der Stadt Leimen mit der Partnerschaftsmedaille in Gold ausgezeichnet.<\/p>\n\n\n\n<p>Am Freitag, den 19. September, fand die Beisetzung von No\u00ebl Le Goff auf dem Friedhof von Tigy statt. Partnerschaftspr\u00e4sident Ernst-Robert Sch\u00f6pe \u00fcberbrachte zusammen mit Ehrenpr\u00e4sident Rudi Sailer und B\u00fcrgermeisterin Claudia Felden einen letzten Gru\u00df aus Leimen.<\/p>\n\n\n\n<p><a href=\"https:\/\/www.leimen.de\/rathaus-service\/aktuelles\/aktuelles-aus-dem-rathaus\/3397\/leimen-trauert-um-buergermeister-noel-le-goff\">Leimen trauert um B\u00fcrgermeister No\u00ebl Le Goff: Stadt Leimen<\/a><\/p>\n\n\n\n<p><strong>Un homme au grand c\u0153ur nous a quitt\u00e9s<\/strong>.<\/p>\n\n\n\n<p><strong>Nous pleurons avec nos amis fran\u00e7ais le maire de longue date de Tigy et convaincu Europ\u00e9en No\u00ebl Le Goff.<\/strong><\/p>\n\n\n\n<p>Vendredi 12 septembre, No\u00ebl Le Goff est d\u00e9c\u00e9d\u00e9 \u00e0 l&#8217;\u00e2ge de 73 ans apr\u00e8s avoir longtemps et courageusement lutt\u00e9 contre le cancer. Dans notre m\u00e9moire, il restera toujours comme un homme plein d&#8217;empathie et de chaleur au service de ses concitoyens, comme une personnalit\u00e9 qui a construit des ponts entre les gens et favoris\u00e9 la compr\u00e9hension mutuelle.<\/p>\n\n\n\n<p>Depuis le d\u00e9but du partenariat, No\u00ebl Le Goff y a \u00e9t\u00e9 actif et, en tant que maire, en a \u00e9t\u00e9 un grand promoteur. Les rencontres annuelles lors des r\u00e9unions de partenariat lui tenaient \u00e0 c\u0153ur, auxquelles il participait r\u00e9guli\u00e8rement, allant m\u00eame jusqu&#8217;\u00e0 mettre de c\u00f4t\u00e9 certaines affaires personnelles, comme par exemple son cinquanti\u00e8me anniversaire de mariage qu&#8217;il a c\u00e9l\u00e9br\u00e9 dans le cadre de notre cinquanti\u00e8me anniversaire de partenariat \u00e0 St. Ilgen. Bien que d\u00e9j\u00e0 gravement affect\u00e9 par sa maladie, il n&#8217;a pas voulu renoncer \u00e0 venir une fois de plus \u00e0 St. Ilgen cette ann\u00e9e.<\/p>\n\n\n\n<p>C&#8217;\u00e9tait un homme d&#8217;action, qui a fermement d\u00e9fendu ses convictions et a toujours plac\u00e9 le bien-\u00eatre des gens au centre de ses pr\u00e9occupations. \u00c0 Tigy, il a surtout acquis des m\u00e9rites durables gr\u00e2ce \u00e0 la cr\u00e9ation du gymnase communautaire et \u00e0 l&#8217;\u00e9tablissement d&#8217;un village d&#8217;enfants g\u00e9r\u00e9 par l&#8217;aide \u00e0 l&#8217;enfance et \u00e0 la jeunesse. Pour son engagement et ses m\u00e9rites en faveur du partenariat entre villes, il a \u00e9t\u00e9 r\u00e9compens\u00e9 en 2022 par la ville de Leimen avec la m\u00e9daille d&#8217;or du partenariat. Le vendredi 19 septembre, les fun\u00e9railles de No\u00ebl Le Goff ont eu lieu au cimeti\u00e8re de Tigy. Le pr\u00e9sident du partenariat Ernst-Robert Sch\u00f6pe a transmis, accompagn\u00e9 de l&#8217;ancien pr\u00e9sident Rudi Sailer et de la maire Claudia Felden, un dernier hommage de Leimen.<\/p>\n","protected":false},"excerpt":{"rendered":"<p>Wir trauern mit unseren franz\u00f6sischen Freunden um Tigys langj\u00e4hrigen B\u00fcrgermeister und \u00fcberzeugten Europ\u00e4er No\u00ebl Le Goff Am Freitag, den 12. September, ist No\u00ebl Le Goff &hellip; <\/p>\n","protected":false},"author":5,"featured_media":0,"comment_status":"open","ping_status":"closed","sticky":false,"template":"","format":"standard","meta":{"footnotes":""},"categories":[1],"tags":[],"class_list":["post-607","post","type-post","status-publish","format-standard","hentry","category-uncategorized"],"_links":{"self":[{"href":"https:\/\/st-ilgen-tigy.de\/index.php\/wp-json\/wp\/v2\/posts\/607","targetHints":{"allow":["GET"]}}],"collection":[{"href":"https:\/\/st-ilgen-tigy.de\/index.php\/wp-json\/wp\/v2\/posts"}],"about":[{"href":"https:\/\/st-ilgen-tigy.de\/index.php\/wp-json\/wp\/v2\/types\/post"}],"author":[{"embeddable":true,"href":"https:\/\/st-ilgen-tigy.de\/index.php\/wp-json\/wp\/v2\/users\/5"}],"replies":[{"embeddable":true,"href":"https:\/\/st-ilgen-tigy.de\/index.php\/wp-json\/wp\/v2\/comments?post=607"}],"version-history":[{"count":2,"href":"https:\/\/st-ilgen-tigy.de\/index.php\/wp-json\/wp\/v2\/posts\/607\/revisions"}],"predecessor-version":[{"id":613,"href":"https:\/\/st-ilgen-tigy.de\/index.php\/wp-json\/wp\/v2\/posts\/607\/revisions\/613"}],"wp:attachment":[{"href":"https:\/\/st-ilgen-tigy.de\/index.php\/wp-json\/wp\/v2\/media?parent=607"}],"wp:term":[{"taxonomy":"category","embeddable":true,"href":"https:\/\/st-ilgen-tigy.de\/index.php\/wp-json\/wp\/v2\/categories?post=607"},{"taxonomy":"post_tag","embeddable":true,"href":"https:\/\/st-ilgen-tigy.de\/index.php\/wp-json\/wp\/v2\/tags?post=607"}],"curies":[{"name":"wp","href":"https:\/\/api.w.org\/{rel}","templated":true}]}}