{"id":51,"date":"2020-03-22T13:18:59","date_gmt":"2020-03-22T13:18:59","guid":{"rendered":"http:\/\/st-ilgen-tigy.de\/?p=51"},"modified":"2020-04-03T07:48:27","modified_gmt":"2020-04-03T07:48:27","slug":"grusswort-zum-50-jaehrigen-bestehen-der-staedtepartnerschaft-tigy-st-ilgen-2020","status":"publish","type":"post","link":"https:\/\/st-ilgen-tigy.de\/index.php\/2020\/03\/22\/grusswort-zum-50-jaehrigen-bestehen-der-staedtepartnerschaft-tigy-st-ilgen-2020\/","title":{"rendered":"Gru\u00dfwort zum 50-j\u00e4hrigen Bestehen der St\u00e4dtepartnerschaft Tigy \u2013 St. Ilgen 2020"},"content":{"rendered":"\n<figure class=\"wp-block-image size-large\"><img loading=\"lazy\" decoding=\"async\" width=\"1024\" height=\"627\" src=\"http:\/\/st-ilgen-tigy.de\/wp-content\/uploads\/2020\/03\/Komitee-2020-Partnerschaft-Tigy-1024x627.jpg\" alt=\"Vorstandsmitglieder und Funktionstr\u00e4ger des Partnerschaftskomites St. Ilgen-Tigy a\" class=\"wp-image-65\" srcset=\"https:\/\/st-ilgen-tigy.de\/wp-content\/uploads\/2020\/03\/Komitee-2020-Partnerschaft-Tigy-1024x627.jpg 1024w, https:\/\/st-ilgen-tigy.de\/wp-content\/uploads\/2020\/03\/Komitee-2020-Partnerschaft-Tigy-300x184.jpg 300w, https:\/\/st-ilgen-tigy.de\/wp-content\/uploads\/2020\/03\/Komitee-2020-Partnerschaft-Tigy-768x470.jpg 768w, https:\/\/st-ilgen-tigy.de\/wp-content\/uploads\/2020\/03\/Komitee-2020-Partnerschaft-Tigy.jpg 1401w\" sizes=\"auto, (max-width: 1024px) 100vw, 1024px\" \/><figcaption>Vorstandsmitglieder und Funktionstr\u00e4ger des Partnerschaftskomites St. Ilgen-Tigy.<br>Hinten (von links nach rechts): Fran\u00e7oise Touzeau, Monique Bechariat, Daniel Bechariat, Clarisse Mouillerat, Didier Wagner, G\u00e9rard Aubard, Alexandre Besson <br> Vorn (von links nach rechts) : Etienne Jacheet, Odile Coulot-Chambolle, Sophie Lange, Guy Duteriez, Gis\u00e8le Gonin, Jacques Simon, C\u00e9line Bitarelle<br><\/figcaption><\/figure>\n\n\n\n<p>(\u00dcbersetzung, siehe franz. Original)<\/p>\n\n\n\n<p>Liebe Freunde, <\/p>\n\n\n\n<p>die Partnerschaft zwischen Tigy und St.\nIlgen feiert einen runden Geburtstag: vor 50 Jahren wurde sie mit der\nZielsetzung gegr\u00fcndet, die Freundschaft zwischen Deutschen und Franzosen auf\neiner pers\u00f6nlichen Ebene zu festigen. Man folgte damit dem 1963 erfolgten\nAufruf von Konrad Adenauer und Charles de Gaulle, die im Pariser Elys\u00e9e-Vertrag\ndie St\u00e4dte und Gemeinden in beiden L\u00e4ndern aufgefordert hatten, die deutsch-franz\u00f6sische\nFreundschaft mit Partnerschaften zu untermauern. Im Januar 2019 haben Emmanuel\nMacron und Angela Merkel dies im Aachener Vertrag bekr\u00e4ftigt. <\/p>\n\n\n\n<p>Wir sind heute stolz und gl\u00fccklich \u00fcber\neine Entwicklung, die nach zwei Weltkriegen und einer \u00fcber hundertj\u00e4hrigen\n\u201eErbfeindschaft\u201c selbst k\u00fchnste Optimisten nicht f\u00fcr m\u00f6glich gehalten h\u00e4tten.<\/p>\n\n\n\n<p>Zu verdanken haben wir sie M\u00e4nnern und\nFrauen in Tigy und St. Ilgen, die gewillt waren, <em>\u201epers\u00f6nliche Verbindungen zwischen den B\u00fcrgern und der Jugend beider Gemeinden\nzu pflegen, einer friedliche Zusammenarbeit zwischen Deutschland und Frankreich\nzu dienen und damit zur Sicherung einer gl\u00fccklichen Zukunft in einem geeinten\nEuropa beizutragen\u201c<\/em>, wie es in der Partnerschaftsurkunde vom 19. April 1970\nhei\u00dft. <\/p>\n\n\n\n<p>Bei aller Kritik an Europa und seinen Institutionen, bei allen Problemen, die wir heute in Europa haben, d\u00fcrfen wir nie vergessen, dass es uns gerade dieses oft gescholtene Europa erm\u00f6glicht hat, seit 75 Jahren in Frieden mit unseren Nachbarn zu leben. Es hat unseren Kindern und Enkeln erlaubt, eine Zeit der Ruhe und des Friedens zu genie\u00dfen, wie es keiner Generation vor ihnen m\u00f6glich gewesen ist. W\u00fcrde es die Europ\u00e4ische Union nicht geben, sollte sie alleine daf\u00fcr erfunden werden.<\/p>\n\n\n\n<p>23. Februar 2020<\/p>\n\n\n<p><!--StartFragment--><\/p>\n\n\n<p>No\u00ebl LE GOFF&nbsp;&nbsp;&nbsp;&nbsp;&nbsp;&nbsp;&nbsp;&nbsp;&nbsp;&nbsp;&nbsp;&nbsp;&nbsp;&nbsp;&nbsp;&nbsp;&nbsp;&nbsp;&nbsp;&nbsp;&nbsp;&nbsp;&nbsp;&nbsp;&nbsp;&nbsp;&nbsp;&nbsp;&nbsp;&nbsp;&nbsp;&nbsp;&nbsp;&nbsp;&nbsp;&nbsp;&nbsp;&nbsp;&nbsp;&nbsp;&nbsp;&nbsp;&nbsp;&nbsp;&nbsp;&nbsp;&nbsp;&nbsp; GUY\nDUTERIEZ&nbsp;&nbsp;&nbsp;&nbsp;&nbsp;&nbsp;&nbsp;&nbsp;&nbsp;&nbsp;&nbsp;&nbsp;&nbsp;&nbsp;&nbsp;&nbsp;&nbsp;&nbsp;&nbsp;&nbsp;&nbsp;&nbsp;&nbsp;&nbsp;&nbsp;&nbsp;&nbsp;&nbsp;&nbsp;&nbsp;&nbsp;&nbsp;&nbsp;&nbsp;&nbsp;&nbsp;&nbsp;&nbsp;&nbsp;&nbsp;&nbsp;&nbsp;&nbsp;&nbsp;&nbsp;&nbsp;&nbsp;&nbsp;&nbsp;&nbsp;&nbsp;&nbsp;&nbsp;&nbsp;&nbsp;&nbsp;&nbsp;&nbsp; <\/p>\n\n\n\n<p>B\u00fcrgermeister von Tigy &nbsp;&nbsp;&nbsp;&nbsp;&nbsp;&nbsp;&nbsp;&nbsp;&nbsp;&nbsp;&nbsp;&nbsp;&nbsp;&nbsp;&nbsp;&nbsp;&nbsp;&nbsp;&nbsp;&nbsp;&nbsp;&nbsp;&nbsp;&nbsp;&nbsp;&nbsp;&nbsp;&nbsp;President des Jubil\u00e4umskomites Tigy-St. Ilgen.<\/p>\n\n\n<p><!--EndFragment--><\/p>\n\n\n<p><\/p>\n","protected":false},"excerpt":{"rendered":"<p>(\u00dcbersetzung, siehe franz. Original) Liebe Freunde, die Partnerschaft zwischen Tigy und St. Ilgen feiert einen runden Geburtstag: vor 50 Jahren wurde sie mit der Zielsetzung &hellip; <\/p>\n","protected":false},"author":1,"featured_media":0,"comment_status":"open","ping_status":"closed","sticky":false,"template":"","format":"standard","meta":{"footnotes":""},"categories":[1],"tags":[],"class_list":["post-51","post","type-post","status-publish","format-standard","hentry","category-uncategorized"],"_links":{"self":[{"href":"https:\/\/st-ilgen-tigy.de\/index.php\/wp-json\/wp\/v2\/posts\/51","targetHints":{"allow":["GET"]}}],"collection":[{"href":"https:\/\/st-ilgen-tigy.de\/index.php\/wp-json\/wp\/v2\/posts"}],"about":[{"href":"https:\/\/st-ilgen-tigy.de\/index.php\/wp-json\/wp\/v2\/types\/post"}],"author":[{"embeddable":true,"href":"https:\/\/st-ilgen-tigy.de\/index.php\/wp-json\/wp\/v2\/users\/1"}],"replies":[{"embeddable":true,"href":"https:\/\/st-ilgen-tigy.de\/index.php\/wp-json\/wp\/v2\/comments?post=51"}],"version-history":[{"count":8,"href":"https:\/\/st-ilgen-tigy.de\/index.php\/wp-json\/wp\/v2\/posts\/51\/revisions"}],"predecessor-version":[{"id":127,"href":"https:\/\/st-ilgen-tigy.de\/index.php\/wp-json\/wp\/v2\/posts\/51\/revisions\/127"}],"wp:attachment":[{"href":"https:\/\/st-ilgen-tigy.de\/index.php\/wp-json\/wp\/v2\/media?parent=51"}],"wp:term":[{"taxonomy":"category","embeddable":true,"href":"https:\/\/st-ilgen-tigy.de\/index.php\/wp-json\/wp\/v2\/categories?post=51"},{"taxonomy":"post_tag","embeddable":true,"href":"https:\/\/st-ilgen-tigy.de\/index.php\/wp-json\/wp\/v2\/tags?post=51"}],"curies":[{"name":"wp","href":"https:\/\/api.w.org\/{rel}","templated":true}]}}