{"id":459,"date":"2025-05-21T14:24:47","date_gmt":"2025-05-21T14:24:47","guid":{"rendered":"http:\/\/st-ilgen-tigy.de\/?p=459"},"modified":"2025-05-21T14:24:48","modified_gmt":"2025-05-21T14:24:48","slug":"nachruf-fuer-ivan-sorgniard","status":"publish","type":"post","link":"https:\/\/st-ilgen-tigy.de\/index.php\/2025\/05\/21\/nachruf-fuer-ivan-sorgniard\/","title":{"rendered":"Nachruf f\u00fcr Ivan Sorgniard"},"content":{"rendered":"\n<figure class=\"wp-block-image size-large is-resized\"><img loading=\"lazy\" decoding=\"async\" width=\"762\" height=\"1024\" src=\"http:\/\/st-ilgen-tigy.de\/wp-content\/uploads\/2025\/05\/ivan3-762x1024.jpg\" alt=\"\" class=\"wp-image-460\" style=\"width:817px;height:auto\" srcset=\"https:\/\/st-ilgen-tigy.de\/wp-content\/uploads\/2025\/05\/ivan3-762x1024.jpg 762w, https:\/\/st-ilgen-tigy.de\/wp-content\/uploads\/2025\/05\/ivan3-223x300.jpg 223w, https:\/\/st-ilgen-tigy.de\/wp-content\/uploads\/2025\/05\/ivan3-768x1032.jpg 768w, https:\/\/st-ilgen-tigy.de\/wp-content\/uploads\/2025\/05\/ivan3-1143x1536.jpg 1143w, https:\/\/st-ilgen-tigy.de\/wp-content\/uploads\/2025\/05\/ivan3-1524x2048.jpg 1524w, https:\/\/st-ilgen-tigy.de\/wp-content\/uploads\/2025\/05\/ivan3-scaled.jpg 1905w\" sizes=\"auto, (max-width: 762px) 100vw, 762px\" \/><\/figure>\n\n\n\n<p>Ivan Sorgniard, ehemaliger B\u00fcrgermeister von Tigy und Kreisrat von Jargeau, ist am 1. Mai verstorben. Geboren wurde er 1940 in Tigy. Nach einer Ausbildung an der Kunsthochschule in Orl\u00e9ans und dann in Paris trat er in das Familienunternehmen f\u00fcr Tischlerei und M\u00f6belbau ein.<\/p>\n\n\n\n<p>Sein Vater Yves Sorgniard war zusammen mit Kurt Hess und Bernard Vappereau einer der Gr\u00fcnder der Partnerschaftsvereinigung von Tigy und St-Ilgen und Unterzeichner des Partnerschaftsvertrags 1970. Auch der Sohn Ivan Sorgniard war als ein leidenschaftlicher Verteidiger der Werte des Friedens zwischen unseren beiden L\u00e4ndern bei der Vertragsunterzeichnung anwesend.<\/p>\n\n\n\n<p>1977 wurde Ivan Sorgniard Gemeinderat, 1983 zum B\u00fcrgermeister gew\u00e4hlt und 1985 zum Kreisrat des Kantons Jargeau. Er wurde mehrfach in diesen beiden Funktionen wiedergew\u00e4hlt und blieb bis 2011 im Amt. In seinen ersten Jahren setzte er sich stark daf\u00fcr ein, dass eine Realschule in Tigy gebaut wurde, die er im September 1988 einweihte.<\/p>\n\n\n\n<p>Als B\u00fcrgermeister unterst\u00fctzte er in ganz au\u00dferordentlicher Weise die St\u00e4dtepartnerschaft zwischen Tigy und Saint-Ilgen. Besonders hervorzuheben ist die Einweihung des St-Ilgen-Weges in Tigy w\u00e4hrend seiner Amtszeit 2006. Trotz Krankheit nahm er 2022 an den Feierlichkeiten zum 50. Jahrestag als Zeuge der Erneuerung der Freundschaftscharta zwischen Tigy und Leimen-St-Ilgen teil. Auch Leimen-Mitte ist Ivan Sorgniard in besonderer Weise verbunden: Die M\u00f6bel im Spiegelsaal des historischen Rathauses stammen aus seiner Manufaktur. <\/p>\n\n\n\n<p>Seiner Lebensgef\u00e4hrtin Pierrette, seinen drei T\u00f6chtern und der ganzen Familie gilt unsere herzliche Anteilnahme.<\/p>\n","protected":false},"excerpt":{"rendered":"<p>Ivan Sorgniard, ehemaliger B\u00fcrgermeister von Tigy und Kreisrat von Jargeau, ist am 1. Mai verstorben. Geboren wurde er 1940 in Tigy. Nach einer Ausbildung an &hellip; <\/p>\n","protected":false},"author":5,"featured_media":0,"comment_status":"open","ping_status":"closed","sticky":false,"template":"","format":"standard","meta":{"footnotes":""},"categories":[1],"tags":[],"class_list":["post-459","post","type-post","status-publish","format-standard","hentry","category-uncategorized"],"_links":{"self":[{"href":"https:\/\/st-ilgen-tigy.de\/index.php\/wp-json\/wp\/v2\/posts\/459","targetHints":{"allow":["GET"]}}],"collection":[{"href":"https:\/\/st-ilgen-tigy.de\/index.php\/wp-json\/wp\/v2\/posts"}],"about":[{"href":"https:\/\/st-ilgen-tigy.de\/index.php\/wp-json\/wp\/v2\/types\/post"}],"author":[{"embeddable":true,"href":"https:\/\/st-ilgen-tigy.de\/index.php\/wp-json\/wp\/v2\/users\/5"}],"replies":[{"embeddable":true,"href":"https:\/\/st-ilgen-tigy.de\/index.php\/wp-json\/wp\/v2\/comments?post=459"}],"version-history":[{"count":3,"href":"https:\/\/st-ilgen-tigy.de\/index.php\/wp-json\/wp\/v2\/posts\/459\/revisions"}],"predecessor-version":[{"id":463,"href":"https:\/\/st-ilgen-tigy.de\/index.php\/wp-json\/wp\/v2\/posts\/459\/revisions\/463"}],"wp:attachment":[{"href":"https:\/\/st-ilgen-tigy.de\/index.php\/wp-json\/wp\/v2\/media?parent=459"}],"wp:term":[{"taxonomy":"category","embeddable":true,"href":"https:\/\/st-ilgen-tigy.de\/index.php\/wp-json\/wp\/v2\/categories?post=459"},{"taxonomy":"post_tag","embeddable":true,"href":"https:\/\/st-ilgen-tigy.de\/index.php\/wp-json\/wp\/v2\/tags?post=459"}],"curies":[{"name":"wp","href":"https:\/\/api.w.org\/{rel}","templated":true}]}}