{"id":447,"date":"2025-04-02T17:39:01","date_gmt":"2025-04-02T17:39:01","guid":{"rendered":"http:\/\/st-ilgen-tigy.de\/?p=447"},"modified":"2025-04-02T17:39:01","modified_gmt":"2025-04-02T17:39:01","slug":"bericht-ueber-die-diesjaehrige-mitgliederversammlung","status":"publish","type":"post","link":"https:\/\/st-ilgen-tigy.de\/index.php\/2025\/04\/02\/bericht-ueber-die-diesjaehrige-mitgliederversammlung\/","title":{"rendered":"Bericht \u00fcber die diesj\u00e4hrige Mitgliederversammlung"},"content":{"rendered":"\n<figure class=\"wp-block-image size-large\"><img loading=\"lazy\" decoding=\"async\" width=\"1024\" height=\"352\" src=\"http:\/\/st-ilgen-tigy.de\/wp-content\/uploads\/2025\/04\/21060-Tigy-2-1024x352.jpg\" alt=\"\" class=\"wp-image-448\" srcset=\"https:\/\/st-ilgen-tigy.de\/wp-content\/uploads\/2025\/04\/21060-Tigy-2-1024x352.jpg 1024w, https:\/\/st-ilgen-tigy.de\/wp-content\/uploads\/2025\/04\/21060-Tigy-2-300x103.jpg 300w, https:\/\/st-ilgen-tigy.de\/wp-content\/uploads\/2025\/04\/21060-Tigy-2-768x264.jpg 768w, https:\/\/st-ilgen-tigy.de\/wp-content\/uploads\/2025\/04\/21060-Tigy-2.jpg 1200w\" sizes=\"auto, (max-width: 1024px) 100vw, 1024px\" \/><figcaption class=\"wp-element-caption\">Foto Fritz Uthe<\/figcaption><\/figure>\n\n\n\n<p><\/p>\n\n\n\n<p><strong>Rechenschafts- und Kassenbericht<\/strong><\/p>\n\n\n\n<p>Gut 50 Mitglieder erschienen zur diesj\u00e4hrigen Jahresversammlung, die Ehrenpr\u00e4sident Rudi Sailer traditionsgem\u00e4\u00df mit der Europahymne auf dem Akkordeon er\u00f6ffnete. Nach der offiziellen Begr\u00fc\u00dfung und dem Totengedenken berichtete Pr\u00e4sident Robert Sch\u00f6pe \u00fcber die vielf\u00e4ltigen Vereinsaktivit\u00e4ten des vergangenen Jahres, wie zum Beispiel der Teilnahme am Leimener Ehrenamtsbrunch oder dem Essens- und Getr\u00e4nkestand beim 10j\u00e4hrigem Jubil\u00e4um des KulturNetzwerks Leimen und verschiedenen Veranstaltungen des Leimener B\u00fcndnisses f\u00fcr Demokratie, Menschenrechte und Vielfalt.<\/p>\n\n\n\n<p>Gro\u00dfartig wie immer war 2024 das Partnerschaftstreffen in Tigy mit einem Besuch des \u201eParf\u00fcmerieschlosses\u201c Chamerolles und einem spannenden Parallelprogramm f\u00fcr die mitgereisten Jugendlichen. F\u00fcr franz\u00f6sische und deutsche Jugendliche organisierten Heike Grothues und Kerstin Nowarra Anfang der Sommerferien eine Woche lang ein ebenso interessantes wie abwechslungsreiches Programm, u.a. mit einem Empfang bei OB Ehret im Rathaus, einem Backkurs in der B\u00e4ckerei Sailer und vielen anderen Aktivit\u00e4ten.<\/p>\n\n\n\n<p>Sehr erfreulich ist der Sch\u00fcleraustausch des Colleges von Tigy mit der Otto -Graf- Realschule in Leimen, der IGH Heidelberg und der GSS St. Ilgen, der sich mittlerweile gut etabliert hat. Die St. Ilgener Kerwe geh\u00f6rt zu unseren j\u00e4hrlichen Highlights und ist unsere Haupteinnahmequelle; daher sind Helfer*innen dabei immer sehr gerne gesehen. Auch beim Diljemer Weihnachtsdorf waren wir mit einem Angebot von Cr\u00eapes und Gl\u00fchwein vertreten. Ende des Jahres trafen sich noch die beiden Partnerschaftkomitees zu einer gemeinsamen Gremiumssitzung in Freiburg. Routiniert wie immer gab Schatzmeister Marc Grothues in seinem Kassenbericht einen \u00dcberblick \u00fcber die aktuelle Finanzlage und erw\u00e4hnte dabei besonders die hohe Summe an Spenden, die er bei Gewerbetreibenden f\u00fcr die Finanzierung des Jugendsommers einsammeln konnte. Kassenpr\u00fcferin Gabi Herb bescheinigte auch im Namen von Stefan Pahlen f\u00fcr das Jahr 2024 eine ordentliche und einwandfreie Kassenf\u00fchrung und empfahl der Versammlung die Entlastung des Kassenwartes und des gesamten Vorstands, welche einstimmig angenommen wurde.<\/p>\n\n\n\n<p><strong>Ausblick und Verschiedenes<\/strong><\/p>\n\n\n\n<p>Bei unserem diesj\u00e4hrigen Partnerschaftstreffen (29.05. bis 01.06.2025) findet am Freitag eine Fahrt nach Karlsruhe (Schlossbesichtigung und Zoo) statt, am Samstag bietet das Komitee einen Ausflug nach Schwetzingen an, sofern in den Familien kein anderes Programm geplant ist. Am Festabend sind die G\u00e4ste aus Tigy wie immer zum Buffet eingeladen, die Gastgeber erhalten pro Gast einen Essensgutschein. Am Sonntag findet in der evangelischen Kirche bereits um 9.00 Uhr ein festlicher Gottesdienst unter Beteiligung des Posaunenchors statt, bevor unsere G\u00e4ste wieder abreisen. Anschlie\u00dfend treffen sich m\u00f6glichst viele Helfer*innen zum Aufr\u00e4umen in der Aegidiushalle.<\/p>\n\n\n\n<p>Eine besondere Freude war es, vier neue Mitglieder bei der Versammlung begr\u00fc\u00dfen zu k\u00f6nnen. Auch unsere franz\u00f6sischen Freunde werden an Himmelfahrt mit einigen \u201eNeuzug\u00e4ngen\u201c anreisen, f\u00fcr die wir noch dringend Gastgeber suchen. Florian Mattheier ist hierf\u00fcr der Ansprechpartner. F\u00fcr den Jugendsommer 2025 in Tigy sind noch Pl\u00e4tze frei, Anmeldungen sind \u00fcber Kerstin Nowarra noch m\u00f6glich. Die Teilnahme an der Kerwe und am Weihnachtsdorf sind fest eingeplant, Helfer*innen sind herzlich willkommen. Rudi Sailer brachte ein Fadenbild mit dem Wappen von Tigy mit, das einen w\u00fcrdigen Platz im Rathaus erhalten soll. Unser Mitglied Ralf Fr\u00fchwirt ist nicht nur Leimener Stadtrat, sondern auch EU-Gemeinderat. Mit ihm soll ein Treffen organisiert werden, bei dem er uns seine Arbeit vorstellen kann. F\u00fcr 25 Jahre Mitgliedschaft erhalten Heidi Birk und Ursula Riehm Ehrenurkunden. Zum Abschluss der Veranstaltung zeigte Michael Reinig eine Bildershow \u00fcber die Aktivit\u00e4ten der Partnerschaft in den letzten Jahren.<\/p>\n\n\n\n<figure class=\"wp-block-gallery has-nested-images columns-default is-cropped wp-block-gallery-1 is-layout-flex wp-block-gallery-is-layout-flex\">\n<figure class=\"wp-block-image size-large\"><img loading=\"lazy\" decoding=\"async\" width=\"1024\" height=\"768\" data-id=\"452\" src=\"http:\/\/st-ilgen-tigy.de\/wp-content\/uploads\/2025\/04\/21060-Tigy-1-1024x768.jpg\" alt=\"\" class=\"wp-image-452\" srcset=\"https:\/\/st-ilgen-tigy.de\/wp-content\/uploads\/2025\/04\/21060-Tigy-1-1024x768.jpg 1024w, https:\/\/st-ilgen-tigy.de\/wp-content\/uploads\/2025\/04\/21060-Tigy-1-300x225.jpg 300w, https:\/\/st-ilgen-tigy.de\/wp-content\/uploads\/2025\/04\/21060-Tigy-1-768x576.jpg 768w, https:\/\/st-ilgen-tigy.de\/wp-content\/uploads\/2025\/04\/21060-Tigy-1.jpg 1200w\" sizes=\"auto, (max-width: 1024px) 100vw, 1024px\" \/><\/figure>\n\n\n\n<figure class=\"wp-block-image size-large\"><img loading=\"lazy\" decoding=\"async\" width=\"1024\" height=\"768\" data-id=\"453\" src=\"http:\/\/st-ilgen-tigy.de\/wp-content\/uploads\/2025\/04\/21060-Tigy-3-1-1024x768.jpg\" alt=\"\" class=\"wp-image-453\" srcset=\"https:\/\/st-ilgen-tigy.de\/wp-content\/uploads\/2025\/04\/21060-Tigy-3-1-1024x768.jpg 1024w, https:\/\/st-ilgen-tigy.de\/wp-content\/uploads\/2025\/04\/21060-Tigy-3-1-300x225.jpg 300w, https:\/\/st-ilgen-tigy.de\/wp-content\/uploads\/2025\/04\/21060-Tigy-3-1-768x576.jpg 768w, https:\/\/st-ilgen-tigy.de\/wp-content\/uploads\/2025\/04\/21060-Tigy-3-1.jpg 1200w\" sizes=\"auto, (max-width: 1024px) 100vw, 1024px\" \/><\/figure>\n\n\n\n<figure class=\"wp-block-image size-large\"><img loading=\"lazy\" decoding=\"async\" width=\"1024\" height=\"768\" data-id=\"454\" src=\"http:\/\/st-ilgen-tigy.de\/wp-content\/uploads\/2025\/04\/21060-Tigy-4-1-1024x768.jpg\" alt=\"\" class=\"wp-image-454\" srcset=\"https:\/\/st-ilgen-tigy.de\/wp-content\/uploads\/2025\/04\/21060-Tigy-4-1-1024x768.jpg 1024w, https:\/\/st-ilgen-tigy.de\/wp-content\/uploads\/2025\/04\/21060-Tigy-4-1-300x225.jpg 300w, https:\/\/st-ilgen-tigy.de\/wp-content\/uploads\/2025\/04\/21060-Tigy-4-1-768x576.jpg 768w, https:\/\/st-ilgen-tigy.de\/wp-content\/uploads\/2025\/04\/21060-Tigy-4-1.jpg 1200w\" sizes=\"auto, (max-width: 1024px) 100vw, 1024px\" \/><\/figure>\n\n\n\n<figure class=\"wp-block-image size-large\"><img loading=\"lazy\" decoding=\"async\" width=\"1024\" height=\"768\" data-id=\"455\" src=\"http:\/\/st-ilgen-tigy.de\/wp-content\/uploads\/2025\/04\/21060-Tigy-5-1-1024x768.jpg\" alt=\"\" class=\"wp-image-455\" srcset=\"https:\/\/st-ilgen-tigy.de\/wp-content\/uploads\/2025\/04\/21060-Tigy-5-1-1024x768.jpg 1024w, https:\/\/st-ilgen-tigy.de\/wp-content\/uploads\/2025\/04\/21060-Tigy-5-1-300x225.jpg 300w, https:\/\/st-ilgen-tigy.de\/wp-content\/uploads\/2025\/04\/21060-Tigy-5-1-768x576.jpg 768w, https:\/\/st-ilgen-tigy.de\/wp-content\/uploads\/2025\/04\/21060-Tigy-5-1.jpg 1200w\" sizes=\"auto, (max-width: 1024px) 100vw, 1024px\" \/><figcaption class=\"wp-element-caption\">Alle Fotos Fritz Uthe<\/figcaption><\/figure>\n<\/figure>\n\n\n\n<p><\/p>\n","protected":false},"excerpt":{"rendered":"<p>Rechenschafts- und Kassenbericht Gut 50 Mitglieder erschienen zur diesj\u00e4hrigen Jahresversammlung, die Ehrenpr\u00e4sident Rudi Sailer traditionsgem\u00e4\u00df mit der Europahymne auf dem Akkordeon er\u00f6ffnete. Nach der offiziellen &hellip; <\/p>\n","protected":false},"author":5,"featured_media":0,"comment_status":"open","ping_status":"closed","sticky":false,"template":"","format":"standard","meta":{"footnotes":""},"categories":[1],"tags":[],"class_list":["post-447","post","type-post","status-publish","format-standard","hentry","category-uncategorized"],"_links":{"self":[{"href":"https:\/\/st-ilgen-tigy.de\/index.php\/wp-json\/wp\/v2\/posts\/447","targetHints":{"allow":["GET"]}}],"collection":[{"href":"https:\/\/st-ilgen-tigy.de\/index.php\/wp-json\/wp\/v2\/posts"}],"about":[{"href":"https:\/\/st-ilgen-tigy.de\/index.php\/wp-json\/wp\/v2\/types\/post"}],"author":[{"embeddable":true,"href":"https:\/\/st-ilgen-tigy.de\/index.php\/wp-json\/wp\/v2\/users\/5"}],"replies":[{"embeddable":true,"href":"https:\/\/st-ilgen-tigy.de\/index.php\/wp-json\/wp\/v2\/comments?post=447"}],"version-history":[{"count":2,"href":"https:\/\/st-ilgen-tigy.de\/index.php\/wp-json\/wp\/v2\/posts\/447\/revisions"}],"predecessor-version":[{"id":457,"href":"https:\/\/st-ilgen-tigy.de\/index.php\/wp-json\/wp\/v2\/posts\/447\/revisions\/457"}],"wp:attachment":[{"href":"https:\/\/st-ilgen-tigy.de\/index.php\/wp-json\/wp\/v2\/media?parent=447"}],"wp:term":[{"taxonomy":"category","embeddable":true,"href":"https:\/\/st-ilgen-tigy.de\/index.php\/wp-json\/wp\/v2\/categories?post=447"},{"taxonomy":"post_tag","embeddable":true,"href":"https:\/\/st-ilgen-tigy.de\/index.php\/wp-json\/wp\/v2\/tags?post=447"}],"curies":[{"name":"wp","href":"https:\/\/api.w.org\/{rel}","templated":true}]}}