{"id":441,"date":"2025-02-24T19:16:04","date_gmt":"2025-02-24T19:16:04","guid":{"rendered":"http:\/\/st-ilgen-tigy.de\/?p=441"},"modified":"2025-02-24T19:16:05","modified_gmt":"2025-02-24T19:16:05","slug":"packen-wir-es-an-die-partnerschaft-st-ilgen-tigy-auf-dem-2-leimener-ehrenamtsbrunch","status":"publish","type":"post","link":"https:\/\/st-ilgen-tigy.de\/index.php\/2025\/02\/24\/packen-wir-es-an-die-partnerschaft-st-ilgen-tigy-auf-dem-2-leimener-ehrenamtsbrunch\/","title":{"rendered":"\u201ePacken wir es an!\u201c \u2013 die Partnerschaft St. Ilgen-Tigy auf dem 2. Leimener Ehrenamtsbrunch"},"content":{"rendered":"\n<p><\/p>\n\n\n\n<figure class=\"wp-block-image size-large is-resized\"><img loading=\"lazy\" decoding=\"async\" width=\"808\" height=\"1024\" src=\"http:\/\/st-ilgen-tigy.de\/wp-content\/uploads\/2025\/02\/Ehrenamtsbrunch-Quer_103-808x1024.jpg\" alt=\"\" class=\"wp-image-442\" style=\"width:960px;height:auto\" srcset=\"https:\/\/st-ilgen-tigy.de\/wp-content\/uploads\/2025\/02\/Ehrenamtsbrunch-Quer_103-808x1024.jpg 808w, https:\/\/st-ilgen-tigy.de\/wp-content\/uploads\/2025\/02\/Ehrenamtsbrunch-Quer_103-237x300.jpg 237w, https:\/\/st-ilgen-tigy.de\/wp-content\/uploads\/2025\/02\/Ehrenamtsbrunch-Quer_103-768x973.jpg 768w, https:\/\/st-ilgen-tigy.de\/wp-content\/uploads\/2025\/02\/Ehrenamtsbrunch-Quer_103.jpg 939w\" sizes=\"auto, (max-width: 808px) 100vw, 808px\" \/><\/figure>\n\n\n\n<p>\u201ePacken wir es an!\u201c, so das Motto einer kleinen \u201eEhrenamtsmesse\u201c, auf welcher insgesamt 13 Vereine, Initiativen und ehrenamtliche Gruppen aus Leimen die Gelegenheit nutzten, sich und ihre Projekte vorzustellen. Die Veranstaltung bot B\u00fcrgerinnen und B\u00fcrgern die Gelegenheit, sich \u00fcber die vielf\u00e4ltigen ehrenamtlichen Angebote in unserer Stadt zu informieren. Nat\u00fcrlich durfte dabei die Tigy-Partnerschaft mit ihrem jahrzehntelangen Engagement f\u00fcr die deutsch-franz\u00f6sische V\u00f6lkerverst\u00e4ndigung nicht fehlen. Angelockt von Cr\u00e9mant de Loire, H\u00e4ppchen und interessanten Bildern unserer vielen Partnerschaftsbegegnungen konnten wir Neugierige an unseren Stand \u00fcber unsere Arbeit informieren und neue Mitglieder gewinnen. MR<\/p>\n","protected":false},"excerpt":{"rendered":"<p>\u201ePacken wir es an!\u201c, so das Motto einer kleinen \u201eEhrenamtsmesse\u201c, auf welcher insgesamt 13 Vereine, Initiativen und ehrenamtliche Gruppen aus Leimen die Gelegenheit nutzten, sich &hellip; <\/p>\n","protected":false},"author":5,"featured_media":0,"comment_status":"open","ping_status":"closed","sticky":false,"template":"","format":"standard","meta":{"footnotes":""},"categories":[1],"tags":[],"class_list":["post-441","post","type-post","status-publish","format-standard","hentry","category-uncategorized"],"_links":{"self":[{"href":"https:\/\/st-ilgen-tigy.de\/index.php\/wp-json\/wp\/v2\/posts\/441","targetHints":{"allow":["GET"]}}],"collection":[{"href":"https:\/\/st-ilgen-tigy.de\/index.php\/wp-json\/wp\/v2\/posts"}],"about":[{"href":"https:\/\/st-ilgen-tigy.de\/index.php\/wp-json\/wp\/v2\/types\/post"}],"author":[{"embeddable":true,"href":"https:\/\/st-ilgen-tigy.de\/index.php\/wp-json\/wp\/v2\/users\/5"}],"replies":[{"embeddable":true,"href":"https:\/\/st-ilgen-tigy.de\/index.php\/wp-json\/wp\/v2\/comments?post=441"}],"version-history":[{"count":1,"href":"https:\/\/st-ilgen-tigy.de\/index.php\/wp-json\/wp\/v2\/posts\/441\/revisions"}],"predecessor-version":[{"id":443,"href":"https:\/\/st-ilgen-tigy.de\/index.php\/wp-json\/wp\/v2\/posts\/441\/revisions\/443"}],"wp:attachment":[{"href":"https:\/\/st-ilgen-tigy.de\/index.php\/wp-json\/wp\/v2\/media?parent=441"}],"wp:term":[{"taxonomy":"category","embeddable":true,"href":"https:\/\/st-ilgen-tigy.de\/index.php\/wp-json\/wp\/v2\/categories?post=441"},{"taxonomy":"post_tag","embeddable":true,"href":"https:\/\/st-ilgen-tigy.de\/index.php\/wp-json\/wp\/v2\/tags?post=441"}],"curies":[{"name":"wp","href":"https:\/\/api.w.org\/{rel}","templated":true}]}}