{"id":436,"date":"2024-12-08T21:29:15","date_gmt":"2024-12-08T21:29:15","guid":{"rendered":"http:\/\/st-ilgen-tigy.de\/?p=436"},"modified":"2024-12-08T21:29:15","modified_gmt":"2024-12-08T21:29:15","slug":"wir-sagen-danke-2","status":"publish","type":"post","link":"https:\/\/st-ilgen-tigy.de\/index.php\/2024\/12\/08\/wir-sagen-danke-2\/","title":{"rendered":"Wir sagen DANKE!!"},"content":{"rendered":"\n<figure class=\"wp-block-image size-large\"><img loading=\"lazy\" decoding=\"async\" width=\"1024\" height=\"794\" src=\"http:\/\/st-ilgen-tigy.de\/wp-content\/uploads\/2024\/12\/20241207_121331-1024x794.jpg\" alt=\"\" class=\"wp-image-437\" srcset=\"https:\/\/st-ilgen-tigy.de\/wp-content\/uploads\/2024\/12\/20241207_121331-1024x794.jpg 1024w, https:\/\/st-ilgen-tigy.de\/wp-content\/uploads\/2024\/12\/20241207_121331-300x233.jpg 300w, https:\/\/st-ilgen-tigy.de\/wp-content\/uploads\/2024\/12\/20241207_121331-768x595.jpg 768w, https:\/\/st-ilgen-tigy.de\/wp-content\/uploads\/2024\/12\/20241207_121331-1536x1191.jpg 1536w, https:\/\/st-ilgen-tigy.de\/wp-content\/uploads\/2024\/12\/20241207_121331-2048x1588.jpg 2048w\" sizes=\"auto, (max-width: 1024px) 100vw, 1024px\" \/><\/figure>\n\n\n\n<p>Der Standeinsatz im Diljemer Weihnachtsdorf hat sich wieder einmal gelohnt: Der ganze Cr\u00eapes-Teig aufgebraucht, alle Zutaten \u2013 Schinken, K\u00e4se, Zimt und Zucker \u2013 ratzeputz verschafft. Wir danken allen Helferinnen und Helfern f\u00fcr ihr Engagement, ganz besonders der B\u00e4ckerei Toni Sailer f\u00fcr den k\u00f6stlichen Cr\u00eapes-Teig, Heike Grothues und Kerstin Nowarra f\u00fcr die tolle Organisation und allen unseren G\u00e4sten f\u00fcr ihre Geduld beim Warten auf die frisch zubereiteten Cr\u00eapes. Frohe Weihnachten Ihnen allen \u2013 bis zum n\u00e4chsten Jahr. Joyeux No\u00ebl \u2013 \u00e0 l\u2019ann\u00e9e prochaine.<\/p>\n\n\n\n<figure class=\"wp-block-image size-large\"><img loading=\"lazy\" decoding=\"async\" width=\"1024\" height=\"818\" src=\"http:\/\/st-ilgen-tigy.de\/wp-content\/uploads\/2024\/12\/20241208_185002-1024x818.jpg\" alt=\"\" class=\"wp-image-438\" srcset=\"https:\/\/st-ilgen-tigy.de\/wp-content\/uploads\/2024\/12\/20241208_185002-1024x818.jpg 1024w, https:\/\/st-ilgen-tigy.de\/wp-content\/uploads\/2024\/12\/20241208_185002-300x240.jpg 300w, https:\/\/st-ilgen-tigy.de\/wp-content\/uploads\/2024\/12\/20241208_185002-768x613.jpg 768w, https:\/\/st-ilgen-tigy.de\/wp-content\/uploads\/2024\/12\/20241208_185002-1536x1227.jpg 1536w, https:\/\/st-ilgen-tigy.de\/wp-content\/uploads\/2024\/12\/20241208_185002.jpg 1728w\" sizes=\"auto, (max-width: 1024px) 100vw, 1024px\" \/><\/figure>\n","protected":false},"excerpt":{"rendered":"<p>Der Standeinsatz im Diljemer Weihnachtsdorf hat sich wieder einmal gelohnt: Der ganze Cr\u00eapes-Teig aufgebraucht, alle Zutaten \u2013 Schinken, K\u00e4se, Zimt und Zucker \u2013 ratzeputz verschafft. &hellip; <\/p>\n","protected":false},"author":5,"featured_media":0,"comment_status":"open","ping_status":"closed","sticky":false,"template":"","format":"standard","meta":{"footnotes":""},"categories":[1],"tags":[],"class_list":["post-436","post","type-post","status-publish","format-standard","hentry","category-uncategorized"],"_links":{"self":[{"href":"https:\/\/st-ilgen-tigy.de\/index.php\/wp-json\/wp\/v2\/posts\/436","targetHints":{"allow":["GET"]}}],"collection":[{"href":"https:\/\/st-ilgen-tigy.de\/index.php\/wp-json\/wp\/v2\/posts"}],"about":[{"href":"https:\/\/st-ilgen-tigy.de\/index.php\/wp-json\/wp\/v2\/types\/post"}],"author":[{"embeddable":true,"href":"https:\/\/st-ilgen-tigy.de\/index.php\/wp-json\/wp\/v2\/users\/5"}],"replies":[{"embeddable":true,"href":"https:\/\/st-ilgen-tigy.de\/index.php\/wp-json\/wp\/v2\/comments?post=436"}],"version-history":[{"count":1,"href":"https:\/\/st-ilgen-tigy.de\/index.php\/wp-json\/wp\/v2\/posts\/436\/revisions"}],"predecessor-version":[{"id":439,"href":"https:\/\/st-ilgen-tigy.de\/index.php\/wp-json\/wp\/v2\/posts\/436\/revisions\/439"}],"wp:attachment":[{"href":"https:\/\/st-ilgen-tigy.de\/index.php\/wp-json\/wp\/v2\/media?parent=436"}],"wp:term":[{"taxonomy":"category","embeddable":true,"href":"https:\/\/st-ilgen-tigy.de\/index.php\/wp-json\/wp\/v2\/categories?post=436"},{"taxonomy":"post_tag","embeddable":true,"href":"https:\/\/st-ilgen-tigy.de\/index.php\/wp-json\/wp\/v2\/tags?post=436"}],"curies":[{"name":"wp","href":"https:\/\/api.w.org\/{rel}","templated":true}]}}