{"id":275,"date":"2024-05-16T07:45:44","date_gmt":"2024-05-16T07:45:44","guid":{"rendered":"http:\/\/st-ilgen-tigy.de\/?p=275"},"modified":"2024-05-18T13:33:56","modified_gmt":"2024-05-18T13:33:56","slug":"feine-duefte-luftige-hoehen-und-feuriges-spektakel","status":"publish","type":"post","link":"https:\/\/st-ilgen-tigy.de\/index.php\/2024\/05\/16\/feine-duefte-luftige-hoehen-und-feuriges-spektakel\/","title":{"rendered":"Feine D\u00fcfte, luftige H\u00f6hen und feuriges Spektakel"},"content":{"rendered":"\n<p><strong>Partnerschaftstreffen in Tigy \u2013 gro\u00dfartig wie immer<\/strong><\/p>\n\n\n\n<figure class=\"wp-block-image size-large\"><img loading=\"lazy\" decoding=\"async\" width=\"1024\" height=\"505\" src=\"http:\/\/st-ilgen-tigy.de\/wp-content\/uploads\/2024\/05\/20240510_101235-1024x505.jpg\" alt=\"\" class=\"wp-image-277\" srcset=\"https:\/\/st-ilgen-tigy.de\/wp-content\/uploads\/2024\/05\/20240510_101235-1024x505.jpg 1024w, https:\/\/st-ilgen-tigy.de\/wp-content\/uploads\/2024\/05\/20240510_101235-300x148.jpg 300w, https:\/\/st-ilgen-tigy.de\/wp-content\/uploads\/2024\/05\/20240510_101235-768x379.jpg 768w, https:\/\/st-ilgen-tigy.de\/wp-content\/uploads\/2024\/05\/20240510_101235-1536x757.jpg 1536w, https:\/\/st-ilgen-tigy.de\/wp-content\/uploads\/2024\/05\/20240510_101235-2048x1009.jpg 2048w\" sizes=\"auto, (max-width: 1024px) 100vw, 1024px\" \/><figcaption class=\"wp-element-caption\">Schloss Chamerolles<\/figcaption><\/figure>\n\n\n\n<p>Wieder einmal erlebnisreiche Tage und intensive Begegnungen \u2013 wieder einmal Herzlichkeit und Gastfreundschaft\u2013 wieder einmal Partnerschaftstage in Tigy. Die Besuchergruppe aus Leimen war durchmischt wie selten zuvor: Menschen, die schon seit 50 Jahren ihre franz\u00f6sischen Partner besuchen, und Jugendliche, die zum ersten Mal hierherkamen. F\u00fcr letztere hatte sich das dortige Partnerschaftskomitee ein eigenes Programm ausgedacht, das vollkommen unabh\u00e4ngig vom Hauptprogramm lief.<\/p>\n\n\n\n<figure class=\"wp-block-image size-large\"><img loading=\"lazy\" decoding=\"async\" width=\"1024\" height=\"630\" src=\"http:\/\/st-ilgen-tigy.de\/wp-content\/uploads\/2024\/05\/20240510_095043-1024x630.jpg\" alt=\"\" class=\"wp-image-276\" srcset=\"https:\/\/st-ilgen-tigy.de\/wp-content\/uploads\/2024\/05\/20240510_095043-1024x630.jpg 1024w, https:\/\/st-ilgen-tigy.de\/wp-content\/uploads\/2024\/05\/20240510_095043-300x184.jpg 300w, https:\/\/st-ilgen-tigy.de\/wp-content\/uploads\/2024\/05\/20240510_095043-768x472.jpg 768w, https:\/\/st-ilgen-tigy.de\/wp-content\/uploads\/2024\/05\/20240510_095043-1536x945.jpg 1536w, https:\/\/st-ilgen-tigy.de\/wp-content\/uploads\/2024\/05\/20240510_095043.jpg 1844w\" sizes=\"auto, (max-width: 1024px) 100vw, 1024px\" \/><figcaption class=\"wp-element-caption\">Die deutsche Besuchergruppe vor dem Schlosseingang<\/figcaption><\/figure>\n\n\n\n<p>Dieses besteht am ersten Tag traditionell aus der gemeinsamen Besichtigung eines der vielen und ber\u00fchmten Loire-Schl\u00f6sser, was dieser Region den Rang eines Weltkulturerbes eingebracht hat. Unser Ziel hie\u00df dieses Mal Chamerolles, das \u00fcber eine reichhaltige Sammlung an Flacons von Christian Dior verf\u00fcgt &#8211; er hat hier in der N\u00e4he seine Fabrik &#8211; und mit interessanten Informationen zur Parfumherstellung aufwartet. Was ist der Kopf und was der K\u00f6rper eines Parfums, was sind seine Ingredienzien? Nach wie viel Stunden entfaltet es seine nachhaltigste Wirkung? Geruchstests sind eingeschlossen &#8211; und die haben es in sich \u2013 vor allem, wenn es sich dabei um tierische Ausgangsstoffe handelt. Da r\u00fcmpft man nur erstaunt die Nase, dass so ein widerlicher Geruch Hauptbestandteil eines Parfums sein kann. Die beiden letzten Geruchsproben \u2013 Vanille und Kakao \u2013 vers\u00f6hnten allerdings wieder und machten Appetit auf das anschlie\u00dfende ebenfalls traditionelle Picknick. <\/p>\n\n\n\n<figure class=\"wp-block-image size-large\"><img loading=\"lazy\" decoding=\"async\" width=\"1024\" height=\"733\" src=\"http:\/\/st-ilgen-tigy.de\/wp-content\/uploads\/2024\/05\/20240510_112804-1024x733.jpg\" alt=\"\" class=\"wp-image-279\" srcset=\"https:\/\/st-ilgen-tigy.de\/wp-content\/uploads\/2024\/05\/20240510_112804-1024x733.jpg 1024w, https:\/\/st-ilgen-tigy.de\/wp-content\/uploads\/2024\/05\/20240510_112804-300x215.jpg 300w, https:\/\/st-ilgen-tigy.de\/wp-content\/uploads\/2024\/05\/20240510_112804-768x550.jpg 768w, https:\/\/st-ilgen-tigy.de\/wp-content\/uploads\/2024\/05\/20240510_112804-1536x1100.jpg 1536w, https:\/\/st-ilgen-tigy.de\/wp-content\/uploads\/2024\/05\/20240510_112804-120x85.jpg 120w, https:\/\/st-ilgen-tigy.de\/wp-content\/uploads\/2024\/05\/20240510_112804.jpg 1609w\" sizes=\"auto, (max-width: 1024px) 100vw, 1024px\" \/><figcaption class=\"wp-element-caption\">Beim Geruchstest<\/figcaption><\/figure>\n\n\n\n<p>Den Nachmittag gestalteten Gastgeber und G\u00e4ste nach eigenem Gusto, z. B. mit einem Abstecher ins nahe gelegene Orleans oder ins direkt an der Loire gelegene romantische Wasserschloss Sully mit seinem imposanten Dachgeb\u00e4lk.<\/p>\n\n\n\n<figure class=\"wp-block-image size-large\"><img loading=\"lazy\" decoding=\"async\" width=\"1024\" height=\"577\" src=\"http:\/\/st-ilgen-tigy.de\/wp-content\/uploads\/2024\/05\/20240511_152421-1024x577.jpg\" alt=\"\" class=\"wp-image-284\" srcset=\"https:\/\/st-ilgen-tigy.de\/wp-content\/uploads\/2024\/05\/20240511_152421-1024x577.jpg 1024w, https:\/\/st-ilgen-tigy.de\/wp-content\/uploads\/2024\/05\/20240511_152421-300x169.jpg 300w, https:\/\/st-ilgen-tigy.de\/wp-content\/uploads\/2024\/05\/20240511_152421-768x432.jpg 768w, https:\/\/st-ilgen-tigy.de\/wp-content\/uploads\/2024\/05\/20240511_152421-1536x865.jpg 1536w, https:\/\/st-ilgen-tigy.de\/wp-content\/uploads\/2024\/05\/20240511_152421-2048x1153.jpg 2048w\" sizes=\"auto, (max-width: 1024px) 100vw, 1024px\" \/><figcaption class=\"wp-element-caption\">Schloss Sully<\/figcaption><\/figure>\n\n\n\n<p>Im separaten Jugendprogramm ging es derweil in luftige H\u00f6hen. In einem Hochseilgarten in der N\u00e4he von Orleans hatten die Jugendlichen viel Zeit sich kennenzulernen und gemeinsam die k\u00f6rperlichen Herausforderungen zu meistern. \u201eUns hat vor allem der gute Austausch mit den Franzosen gefallen, trotz Sprachbarrieren war der mit den Franzosen sehr gut und wir haben sehr viele gute Erinnerungen sammeln k\u00f6nnen. Zudem waren alle von der franz\u00f6sischen Kultur total begeistert\u201c, so Jugendgemeinder\u00e4tin Dilara Akdeniz.<\/p>\n\n\n\n<figure class=\"wp-block-image size-large\"><img loading=\"lazy\" decoding=\"async\" width=\"1024\" height=\"616\" src=\"http:\/\/st-ilgen-tigy.de\/wp-content\/uploads\/2024\/05\/Jugend-1024x616.jpg\" alt=\"\" class=\"wp-image-278\" srcset=\"https:\/\/st-ilgen-tigy.de\/wp-content\/uploads\/2024\/05\/Jugend-1024x616.jpg 1024w, https:\/\/st-ilgen-tigy.de\/wp-content\/uploads\/2024\/05\/Jugend-300x181.jpg 300w, https:\/\/st-ilgen-tigy.de\/wp-content\/uploads\/2024\/05\/Jugend-768x462.jpg 768w, https:\/\/st-ilgen-tigy.de\/wp-content\/uploads\/2024\/05\/Jugend.jpg 1148w\" sizes=\"auto, (max-width: 1024px) 100vw, 1024px\" \/><figcaption class=\"wp-element-caption\">Vor dem Hochseilgarten<\/figcaption><\/figure>\n\n\n\n<p>Am Samstagmorgen bewegende Momente am Grab von Andr\u00e9 Brinon. Die Franz\u00f6sische Co-Pr\u00e4sidentin Monique Bechariat und B\u00fcrgermeister No\u00ebl Le Goff erinnerten noch einmal an die Verdienste des k\u00fcrzlich verstorbenen jahrzehntelangen franz\u00f6sischen Partnerschaftspr\u00e4sidenten und Ehrenb\u00fcrgers von St. Ilgen. <a>B\u00fcrgermeister<\/a>stellvertreter Michael Reinig legte ihm zu Ehren im Namen der Stadt Leimen ein Kranz nieder, die beiden Partnerschaftskomitees eine steinerne Gedenktafel. Die Europahymne, musikalisches Symbol eines geeinten Europas und Symbol dessen, wof\u00fcr Andr\u00e9 Brinon ein Leben lang brannte, bildete &#8211; gespielt von Marc Grothues und Rudi Sailer &#8211; den w\u00fcrdigen Abschluss dieser Gedenkzeremonie.<\/p>\n\n\n\n<figure class=\"wp-block-image size-large is-resized\"><img loading=\"lazy\" decoding=\"async\" width=\"1024\" height=\"635\" src=\"http:\/\/st-ilgen-tigy.de\/wp-content\/uploads\/2024\/05\/20240511_112053-1024x635.jpg\" alt=\"\" class=\"wp-image-280\" style=\"width:960px;height:auto\" srcset=\"https:\/\/st-ilgen-tigy.de\/wp-content\/uploads\/2024\/05\/20240511_112053-1024x635.jpg 1024w, https:\/\/st-ilgen-tigy.de\/wp-content\/uploads\/2024\/05\/20240511_112053-300x186.jpg 300w, https:\/\/st-ilgen-tigy.de\/wp-content\/uploads\/2024\/05\/20240511_112053-768x476.jpg 768w, https:\/\/st-ilgen-tigy.de\/wp-content\/uploads\/2024\/05\/20240511_112053-1536x953.jpg 1536w, https:\/\/st-ilgen-tigy.de\/wp-content\/uploads\/2024\/05\/20240511_112053-2048x1270.jpg 2048w\" sizes=\"auto, (max-width: 1024px) 100vw, 1024px\" \/><figcaption class=\"wp-element-caption\">v. l. n. r.: Senator Christophe Chaillou, Claire de Moncuit-Soumagnat,  Pr\u00e4sident Bobby Sch\u00f6pe, Co-Pr\u00e4sident Vincent Brinon, Co-Pr\u00e4sidentin Monique Bechariat, <a>B\u00fcrgermeister<\/a>stellvertreter Michael Reinig, Stadtr\u00e4tin Christa Hassenpflug, <br>B\u00fcrgermeister No\u00ebl Le Goff<\/figcaption><\/figure>\n\n\n\n<p>Die Herausforderungen an Europa angesichts zunehmender Radikalisierungen, die Zukunft der St\u00e4dtepartnerschaft und die Frage von Patriotismus und\/oder Weltb\u00fcrgertum thematisierten die Reden von No\u00ebl Le Goff, Michael Reinig, Monique Bechariat, Co-Pr\u00e4sident Vincent Brinon, Pr\u00e4sident Bobby Sch\u00f6pe und Christophe Chaillou &#8211; seines Zeichens Senator (Landrat) f\u00fcr den Bezirk Loiret &#8211; beim anschlie\u00dfenden Festakt. Dieser war zugleich auch Finissage der wechselseitigen Ausstellung mit K\u00fcnstlern aus Tigy und Leimen, die im November in St. Ilgen ihren Anfang hatte, so die ausstellende K\u00fcnstlerin Claire de Moncuit-Soumagnat.<\/p>\n\n\n\n<figure class=\"wp-block-image size-large\"><img loading=\"lazy\" decoding=\"async\" width=\"1024\" height=\"577\" src=\"http:\/\/st-ilgen-tigy.de\/wp-content\/uploads\/2024\/05\/20240511_120930-1024x577.jpg\" alt=\"\" class=\"wp-image-281\" srcset=\"https:\/\/st-ilgen-tigy.de\/wp-content\/uploads\/2024\/05\/20240511_120930-1024x577.jpg 1024w, https:\/\/st-ilgen-tigy.de\/wp-content\/uploads\/2024\/05\/20240511_120930-300x169.jpg 300w, https:\/\/st-ilgen-tigy.de\/wp-content\/uploads\/2024\/05\/20240511_120930-768x432.jpg 768w, https:\/\/st-ilgen-tigy.de\/wp-content\/uploads\/2024\/05\/20240511_120930-1536x865.jpg 1536w, https:\/\/st-ilgen-tigy.de\/wp-content\/uploads\/2024\/05\/20240511_120930-2048x1153.jpg 2048w\" sizes=\"auto, (max-width: 1024px) 100vw, 1024px\" \/><figcaption class=\"wp-element-caption\">Beim Festakt<\/figcaption><\/figure>\n\n\n\n<p>Am Abend dann das gro\u00dfe Festbankett mit 120 Personen, einem exzellenten Men\u00fc vom Gasthof Cheval Blanc, artistischen Einlagen des Twirling Baton Club Neuvy Tigy sowie Komik, Zauberei und Feuer-Jonglage eines regional bekannten Alleinunterhalters. Am Sonntag \u2013 ebenfalls in guter Tradition \u2013 ein \u00f6kumenischer deutsch-franz\u00f6sischer Abschlussgottesdienst &#8211; musikalisch gestaltet und umrahmt vom Kirchenchor Tigy und den beiden Troubadouren Rudi Sailer und Michael Reinig \u2013 und schon hie\u00df es wieder Abschiednehmen: herzliches Umarmen, K\u00fcsschen links, K\u00fcsschen rechts und \u201ejusqu&#8217;\u00e0 l&#8217;ann\u00e9e prochaine- bis im n\u00e4chsten Jahr in St. Ilgen.\u201c<\/p>\n\n\n\n<figure class=\"wp-block-image size-large\"><img loading=\"lazy\" decoding=\"async\" width=\"1024\" height=\"549\" src=\"http:\/\/st-ilgen-tigy.de\/wp-content\/uploads\/2024\/05\/20240511_224116-1024x549.jpg\" alt=\"\" class=\"wp-image-282\" srcset=\"https:\/\/st-ilgen-tigy.de\/wp-content\/uploads\/2024\/05\/20240511_224116-1024x549.jpg 1024w, https:\/\/st-ilgen-tigy.de\/wp-content\/uploads\/2024\/05\/20240511_224116-300x161.jpg 300w, https:\/\/st-ilgen-tigy.de\/wp-content\/uploads\/2024\/05\/20240511_224116-768x412.jpg 768w, https:\/\/st-ilgen-tigy.de\/wp-content\/uploads\/2024\/05\/20240511_224116-1536x824.jpg 1536w, https:\/\/st-ilgen-tigy.de\/wp-content\/uploads\/2024\/05\/20240511_224116-2048x1098.jpg 2048w\" sizes=\"auto, (max-width: 1024px) 100vw, 1024px\" \/><figcaption class=\"wp-element-caption\">Die beiden neuen Komitees<\/figcaption><\/figure>\n\n\n\n<p><\/p>\n","protected":false},"excerpt":{"rendered":"<p>Partnerschaftstreffen in Tigy \u2013 gro\u00dfartig wie immer Wieder einmal erlebnisreiche Tage und intensive Begegnungen \u2013 wieder einmal Herzlichkeit und Gastfreundschaft\u2013 wieder einmal Partnerschaftstage in Tigy. &hellip; <\/p>\n","protected":false},"author":5,"featured_media":0,"comment_status":"open","ping_status":"closed","sticky":false,"template":"","format":"standard","meta":{"footnotes":""},"categories":[1],"tags":[],"class_list":["post-275","post","type-post","status-publish","format-standard","hentry","category-uncategorized"],"_links":{"self":[{"href":"https:\/\/st-ilgen-tigy.de\/index.php\/wp-json\/wp\/v2\/posts\/275","targetHints":{"allow":["GET"]}}],"collection":[{"href":"https:\/\/st-ilgen-tigy.de\/index.php\/wp-json\/wp\/v2\/posts"}],"about":[{"href":"https:\/\/st-ilgen-tigy.de\/index.php\/wp-json\/wp\/v2\/types\/post"}],"author":[{"embeddable":true,"href":"https:\/\/st-ilgen-tigy.de\/index.php\/wp-json\/wp\/v2\/users\/5"}],"replies":[{"embeddable":true,"href":"https:\/\/st-ilgen-tigy.de\/index.php\/wp-json\/wp\/v2\/comments?post=275"}],"version-history":[{"count":4,"href":"https:\/\/st-ilgen-tigy.de\/index.php\/wp-json\/wp\/v2\/posts\/275\/revisions"}],"predecessor-version":[{"id":287,"href":"https:\/\/st-ilgen-tigy.de\/index.php\/wp-json\/wp\/v2\/posts\/275\/revisions\/287"}],"wp:attachment":[{"href":"https:\/\/st-ilgen-tigy.de\/index.php\/wp-json\/wp\/v2\/media?parent=275"}],"wp:term":[{"taxonomy":"category","embeddable":true,"href":"https:\/\/st-ilgen-tigy.de\/index.php\/wp-json\/wp\/v2\/categories?post=275"},{"taxonomy":"post_tag","embeddable":true,"href":"https:\/\/st-ilgen-tigy.de\/index.php\/wp-json\/wp\/v2\/tags?post=275"}],"curies":[{"name":"wp","href":"https:\/\/api.w.org\/{rel}","templated":true}]}}