{"id":252,"date":"2024-03-19T11:44:54","date_gmt":"2024-03-19T11:44:54","guid":{"rendered":"http:\/\/st-ilgen-tigy.de\/?p=252"},"modified":"2024-03-19T11:44:55","modified_gmt":"2024-03-19T11:44:55","slug":"10-jahre-kulturnetzwerk-leimen-jubilaeumsfeier-am-16-juni-2024","status":"publish","type":"post","link":"https:\/\/st-ilgen-tigy.de\/index.php\/2024\/03\/19\/10-jahre-kulturnetzwerk-leimen-jubilaeumsfeier-am-16-juni-2024\/","title":{"rendered":"10 Jahre Kulturnetzwerk Leimen &#8211; Jubil\u00e4umsfeier am 16. Juni 2024"},"content":{"rendered":"\n<p>Paix et amiti\u00e9 \u2013 Friede und Freundschaft. Seit \u00fcber 50 sind das die beiden Maxime die, die Partnerschaft St. Ilgen \u2013 Tigy pr\u00e4gen und zu einer herzlichen Verbundenheit \u00fcber L\u00e4nder- und Sprachgrenzen hinweg f\u00fchrten. Von der \u00dcberzeugung getragen, dass es zwischen den beiden \u201eErbfeinden\u201c Frankreich und Deutschland nie wieder Krieg geben d\u00fcrfe, begr\u00fcndeten ein ehemaliger deutscher K\u00fcchenfeldwebel und sein damaliger franz\u00f6sischer K\u00fcchengehilfe diese ungew\u00f6hnliche auf pers\u00f6nlicher Freundschaft beruhende St\u00e4dtepartnerschaft. Regelm\u00e4\u00dfige wechselseitige Besuche mit einem interessanten Begleitprogramm erweiterten \u00fcber die Jahre hinweg auf beiden Seiten den Freundeskreis. Die Partnerschaft zwischen St. Ilgen und Tigy wurde vom Land seither mehrfach als eine der aktivsten St\u00e4dtepartnerschaften in Baden-W\u00fcrttemberg ausgezeichnet.<\/p>\n\n\n\n<figure class=\"wp-block-image size-large\"><img loading=\"lazy\" decoding=\"async\" width=\"1024\" height=\"723\" src=\"http:\/\/st-ilgen-tigy.de\/wp-content\/uploads\/2024\/03\/20230430_155118-1-1024x723.jpg\" alt=\"\" class=\"wp-image-253\" srcset=\"https:\/\/st-ilgen-tigy.de\/wp-content\/uploads\/2024\/03\/20230430_155118-1-1024x723.jpg 1024w, https:\/\/st-ilgen-tigy.de\/wp-content\/uploads\/2024\/03\/20230430_155118-1-300x212.jpg 300w, https:\/\/st-ilgen-tigy.de\/wp-content\/uploads\/2024\/03\/20230430_155118-1-768x543.jpg 768w, https:\/\/st-ilgen-tigy.de\/wp-content\/uploads\/2024\/03\/20230430_155118-1-1536x1085.jpg 1536w, https:\/\/st-ilgen-tigy.de\/wp-content\/uploads\/2024\/03\/20230430_155118-1-2048x1447.jpg 2048w, https:\/\/st-ilgen-tigy.de\/wp-content\/uploads\/2024\/03\/20230430_155118-1-120x85.jpg 120w\" sizes=\"auto, (max-width: 1024px) 100vw, 1024px\" \/><\/figure>\n\n\n\n<p>Der Blick ist dabei immer nach vorne auf die nachwachsende Generation gerichtet. Regelm\u00e4\u00dfig findet zwischen unseren beiden St\u00e4dten ein Jugendaustausch statt. So unterh\u00e4lt das \u201eCollege\u201c in Tigy, was etwa der deutschen Realschule entspricht, seit vielen Jahren freundschaftliche Beziehungen zur Geschwister-Scholl-Schule, zum Friedrich-Ebert-Gymnasium Sandhausen und seit neuestem auch zur Otto-Graf-Realschule und zur Internationalen Gesamtschule Heidelberg. Anl\u00e4sslich des 50j\u00e4hrigen Gr\u00fcndungsjubil\u00e4ums gestalteten Jugendliche aus Tigy zusammen mit dem Jugendgemeinderat Leimen in einem Graffiti-Projekt zwei Trafoh\u00e4uschen im Stadtteil Fasanerie. An unserem Stand pr\u00e4sentieren wir bei der Jubil\u00e4umsveranstaltung des Kulturnetzwerkes ausgesuchte franz\u00f6sische Wei\u00df- und Roseweine sowie leckere \u201ePommes spirales\u201c.<\/p>\n","protected":false},"excerpt":{"rendered":"<p>Paix et amiti\u00e9 \u2013 Friede und Freundschaft. Seit \u00fcber 50 sind das die beiden Maxime die, die Partnerschaft St. Ilgen \u2013 Tigy pr\u00e4gen und zu &hellip; <\/p>\n","protected":false},"author":5,"featured_media":0,"comment_status":"open","ping_status":"closed","sticky":false,"template":"","format":"standard","meta":{"footnotes":""},"categories":[1],"tags":[],"class_list":["post-252","post","type-post","status-publish","format-standard","hentry","category-uncategorized"],"_links":{"self":[{"href":"https:\/\/st-ilgen-tigy.de\/index.php\/wp-json\/wp\/v2\/posts\/252","targetHints":{"allow":["GET"]}}],"collection":[{"href":"https:\/\/st-ilgen-tigy.de\/index.php\/wp-json\/wp\/v2\/posts"}],"about":[{"href":"https:\/\/st-ilgen-tigy.de\/index.php\/wp-json\/wp\/v2\/types\/post"}],"author":[{"embeddable":true,"href":"https:\/\/st-ilgen-tigy.de\/index.php\/wp-json\/wp\/v2\/users\/5"}],"replies":[{"embeddable":true,"href":"https:\/\/st-ilgen-tigy.de\/index.php\/wp-json\/wp\/v2\/comments?post=252"}],"version-history":[{"count":1,"href":"https:\/\/st-ilgen-tigy.de\/index.php\/wp-json\/wp\/v2\/posts\/252\/revisions"}],"predecessor-version":[{"id":254,"href":"https:\/\/st-ilgen-tigy.de\/index.php\/wp-json\/wp\/v2\/posts\/252\/revisions\/254"}],"wp:attachment":[{"href":"https:\/\/st-ilgen-tigy.de\/index.php\/wp-json\/wp\/v2\/media?parent=252"}],"wp:term":[{"taxonomy":"category","embeddable":true,"href":"https:\/\/st-ilgen-tigy.de\/index.php\/wp-json\/wp\/v2\/categories?post=252"},{"taxonomy":"post_tag","embeddable":true,"href":"https:\/\/st-ilgen-tigy.de\/index.php\/wp-json\/wp\/v2\/tags?post=252"}],"curies":[{"name":"wp","href":"https:\/\/api.w.org\/{rel}","templated":true}]}}