{"id":224,"date":"2024-03-19T10:00:24","date_gmt":"2024-03-19T10:00:24","guid":{"rendered":"http:\/\/st-ilgen-tigy.de\/?p=224"},"modified":"2024-03-19T11:39:57","modified_gmt":"2024-03-19T11:39:57","slug":"eine-aera-ging-zu-ende-partnerschaftskomitee-neu-aufgestellt","status":"publish","type":"post","link":"https:\/\/st-ilgen-tigy.de\/index.php\/2024\/03\/19\/eine-aera-ging-zu-ende-partnerschaftskomitee-neu-aufgestellt\/","title":{"rendered":"Eine \u00c4ra ging zu Ende \u2013 Partnerschaftskomitee neu aufgestellt"},"content":{"rendered":"\n<figure class=\"wp-block-image size-large\"><img loading=\"lazy\" decoding=\"async\" width=\"1024\" height=\"768\" src=\"http:\/\/st-ilgen-tigy.de\/wp-content\/uploads\/2024\/03\/19167-Partnerschaftstreffen-2024-02-1024x768.jpg\" alt=\"\" class=\"wp-image-227\" srcset=\"https:\/\/st-ilgen-tigy.de\/wp-content\/uploads\/2024\/03\/19167-Partnerschaftstreffen-2024-02-1024x768.jpg 1024w, https:\/\/st-ilgen-tigy.de\/wp-content\/uploads\/2024\/03\/19167-Partnerschaftstreffen-2024-02-300x225.jpg 300w, https:\/\/st-ilgen-tigy.de\/wp-content\/uploads\/2024\/03\/19167-Partnerschaftstreffen-2024-02-768x576.jpg 768w, https:\/\/st-ilgen-tigy.de\/wp-content\/uploads\/2024\/03\/19167-Partnerschaftstreffen-2024-02.jpg 1200w\" sizes=\"auto, (max-width: 1024px) 100vw, 1024px\" \/><\/figure>\n\n\n\n<p>Die Neuwahlen des Komitees \u2013 souver\u00e4n geleitet von Jens Volbehr &#8211; waren <strong>der<\/strong> zentrale Tagesordnungspunkt bei der letzten Jahreshauptversammlung \u2013 und damit ging zugleich auch eine \u00c4ra zu Ende! Denn Rudi Sailer und die Partnerschaft St. Ilgen-Tigy \u2013 das war \u00fcber f\u00fcnf Jahrzehnte ein Synonym. Wer in diesem Zeitraum zur Partnerschaft stie\u00df, kannte nur einen Pr\u00e4sidenten respektive Vizepr\u00e4sidenten: Rudi Sailer. Nun \u00fcbergab er wie sein franz\u00f6sischer Amtskollege Guy Dut\u00e9riez sein Amt in j\u00fcngere H\u00e4nde.<\/p>\n\n\n\n<p>Einstimmig als neuer Pr\u00e4sident wurde der langj\u00e4hrige Vizepr\u00e4sident Ernst-Robert Sch\u00f6pe gew\u00e4hlt. Und der hatte gleich ein Problem: die Ehrung von Rudi Sailer. Denn \u201eF\u00fcr den Verein ist dieser Mann \u201aausgeehrt\u2018 \u2013 mehr als eine Ehrenpr\u00e4sidentschaft gibt es im Vereinswesen nicht\u201c, so die Worte des neuen Pr\u00e4sidenten \u2013 und diese Ehrenpr\u00e4sidentschaft war Rudi Sailer schon vor Jahren w\u00e4hrend einer krankheitsbedingten sechsj\u00e4hrigen Interimszeit als Vizepr\u00e4sident zugesprochen worden.<\/p>\n\n\n\n<figure class=\"wp-block-image size-large\"><img loading=\"lazy\" decoding=\"async\" width=\"1024\" height=\"768\" src=\"http:\/\/st-ilgen-tigy.de\/wp-content\/uploads\/2024\/03\/19167-Partnerschaftstreffen-2024-10-1024x768.jpg\" alt=\"\" class=\"wp-image-228\" srcset=\"https:\/\/st-ilgen-tigy.de\/wp-content\/uploads\/2024\/03\/19167-Partnerschaftstreffen-2024-10-1024x768.jpg 1024w, https:\/\/st-ilgen-tigy.de\/wp-content\/uploads\/2024\/03\/19167-Partnerschaftstreffen-2024-10-300x225.jpg 300w, https:\/\/st-ilgen-tigy.de\/wp-content\/uploads\/2024\/03\/19167-Partnerschaftstreffen-2024-10-768x576.jpg 768w, https:\/\/st-ilgen-tigy.de\/wp-content\/uploads\/2024\/03\/19167-Partnerschaftstreffen-2024-10.jpg 1200w\" sizes=\"auto, (max-width: 1024px) 100vw, 1024px\" \/><\/figure>\n\n\n\n<p>Steigt der Vizepr\u00e4sident auf, braucht man f\u00fcr seinen Job ebenfalls einen Nachfolger bzw. Nachfolgerin. Heike Grothues stellt sich fortan dieser arbeitsintensiven Aufgabe. Ihren Job als Organisationsleiterin \u00fcbernimmt nun eine Newcomerin im Komitee: Kerstin Nowarra, f\u00fcr Petra G\u00f6rke r\u00fcckt als Schriftf\u00fchrerin Birgit Pernickel nach, Florian Mattheier sorgt k\u00fcnftig f\u00fcr die Quartierbeschaffung. Die Kasse bleibt in den bew\u00e4hrten H\u00e4nden von Marc Grothues, Michael Reinig ist weiterhin f\u00fcr die \u00d6ffentlichkeitsarbeit zust\u00e4ndig. Als Beisitzer bleiben im Amt: Elsbeth Sailer, Bernd B\u00f6rgerding und Sophie Dittrich, als Beisitzer neu gew\u00e4hlt wurde Rudi Sailer. Gabi Herb bleibt weiterhin Kassenpr\u00fcferin, Stefan Pahlen r\u00fcckt f\u00fcr Hans Rauch nach.<\/p>\n\n\n\n<figure class=\"wp-block-image size-full\"><img loading=\"lazy\" decoding=\"async\" width=\"768\" height=\"576\" src=\"http:\/\/st-ilgen-tigy.de\/wp-content\/uploads\/2024\/03\/19167-Partnerschaftstreffen-2024-16-768x576-1.jpg\" alt=\"\" class=\"wp-image-226\" srcset=\"https:\/\/st-ilgen-tigy.de\/wp-content\/uploads\/2024\/03\/19167-Partnerschaftstreffen-2024-16-768x576-1.jpg 768w, https:\/\/st-ilgen-tigy.de\/wp-content\/uploads\/2024\/03\/19167-Partnerschaftstreffen-2024-16-768x576-1-300x225.jpg 300w\" sizes=\"auto, (max-width: 768px) 100vw, 768px\" \/><\/figure>\n\n\n\n<p>In seinem Rechenschaftsbericht hatte zuvor Rudi Sailer das vergangene Jubil\u00e4umsjahr mit seinen vielen H\u00f6hepunkten noch einmal Revue passieren lassen. Selbstverst\u00e4ndlich \u2013 so Schatzmeister Marc Grothues \u2013 hatten diese Highlights in der Kasse ihre negativen Spuren hinterlassen. Der Entlastung seiner Person und des gesamten Vorstands tat dies keinen Abbruch, denn es bleibt noch ein sehr solides Polster \u00fcber. So zeigte auch der neue Pr\u00e4sident \u201eBobby\u201c Sch\u00f6pe in seinem Ausblick gerne die positiven Entwicklungen auf, die sich im Bereich des Sch\u00fcleraustausches im Dezember 2023 zwischen der Otto-Graf-Realschule und dem Coll\u00e8ge in Tigy ergeben haben und sich in diesem Jahr durch einen Gegenbesuch unserer Sch\u00fcler dort weiter intensivieren werden. Auch wir werden an Himmelfahrt wieder nach Tigy fahren, gespannt darauf, was f\u00fcr ein Programm unsere Freunde dieses Mal vorbereitet haben. Interessierte sind dazu herzlich eingeladen. Anmeldungen unter <a href=\"mailto:bobby.schoepe@gmx.de\">bobby.schoepe@gmx.de<\/a>.<\/p>\n\n\n\n<p><\/p>\n","protected":false},"excerpt":{"rendered":"<p>Die Neuwahlen des Komitees \u2013 souver\u00e4n geleitet von Jens Volbehr &#8211; waren der zentrale Tagesordnungspunkt bei der letzten Jahreshauptversammlung \u2013 und damit ging zugleich auch &hellip; <\/p>\n","protected":false},"author":5,"featured_media":0,"comment_status":"open","ping_status":"closed","sticky":false,"template":"","format":"standard","meta":{"footnotes":""},"categories":[1],"tags":[],"class_list":["post-224","post","type-post","status-publish","format-standard","hentry","category-uncategorized"],"_links":{"self":[{"href":"https:\/\/st-ilgen-tigy.de\/index.php\/wp-json\/wp\/v2\/posts\/224","targetHints":{"allow":["GET"]}}],"collection":[{"href":"https:\/\/st-ilgen-tigy.de\/index.php\/wp-json\/wp\/v2\/posts"}],"about":[{"href":"https:\/\/st-ilgen-tigy.de\/index.php\/wp-json\/wp\/v2\/types\/post"}],"author":[{"embeddable":true,"href":"https:\/\/st-ilgen-tigy.de\/index.php\/wp-json\/wp\/v2\/users\/5"}],"replies":[{"embeddable":true,"href":"https:\/\/st-ilgen-tigy.de\/index.php\/wp-json\/wp\/v2\/comments?post=224"}],"version-history":[{"count":4,"href":"https:\/\/st-ilgen-tigy.de\/index.php\/wp-json\/wp\/v2\/posts\/224\/revisions"}],"predecessor-version":[{"id":251,"href":"https:\/\/st-ilgen-tigy.de\/index.php\/wp-json\/wp\/v2\/posts\/224\/revisions\/251"}],"wp:attachment":[{"href":"https:\/\/st-ilgen-tigy.de\/index.php\/wp-json\/wp\/v2\/media?parent=224"}],"wp:term":[{"taxonomy":"category","embeddable":true,"href":"https:\/\/st-ilgen-tigy.de\/index.php\/wp-json\/wp\/v2\/categories?post=224"},{"taxonomy":"post_tag","embeddable":true,"href":"https:\/\/st-ilgen-tigy.de\/index.php\/wp-json\/wp\/v2\/tags?post=224"}],"curies":[{"name":"wp","href":"https:\/\/api.w.org\/{rel}","templated":true}]}}