{"id":212,"date":"2022-11-11T14:56:23","date_gmt":"2022-11-11T14:56:23","guid":{"rendered":"http:\/\/st-ilgen-tigy.de\/?p=212"},"modified":"2022-11-11T14:57:43","modified_gmt":"2022-11-11T14:57:43","slug":"tag-1-in-verdun-das-beinhaus","status":"publish","type":"post","link":"https:\/\/st-ilgen-tigy.de\/index.php\/2022\/11\/11\/tag-1-in-verdun-das-beinhaus\/","title":{"rendered":"Tag 1 in Verdun \u2013 das Beinhaus"},"content":{"rendered":"\n<p><em>Anl\u00e4sslich des 50j\u00e4hrigen Jubil\u00e4ums trafen sich deutsche und franz\u00f6sische Mitglieder der Partnerschaft St. Ilgen \u2013 Tigy und Vertreter*innen der beiden Partnerst\u00e4dte auf halber Strecke in Verdun.<\/em><\/p>\n\n\n\n<p>Wie friedlich sie hier alle bei einander stehen! Sorgsam aufgereiht in Reih und Glied. Die Abendsonne legt einen goldenen Schimmer auf ihr kaltes blankes Wei\u00df. Ein friedvolles Bild \u2013 so m\u00f6chte man meinen &#8211; dieses unendlich scheinende Heer von Grabkreuzen im Abendrot. Der Tode hat sie nun vereint, die Deutschen und die Franzosen, sie, die sich 1916 hier aufs Blutigste bek\u00e4mpften. Pax \u2013 Friede steht auch \u00fcber dem Eingang dieses lang gestreckten Monuments, das wie ein gigantischer Sarkophag \u00fcber den Grabfeldern thront. Aus seiner Mitte reckt sich ein nicht minder gewaltiger Turm in Form einer riesenhaften Granate in den Himmel. OSSUAIRE DE DOUAUMONT \u2013 Beinhaus hei\u00dft dieses merkw\u00fcrdige Gebilde, denn in seinem Innern liegen die Gebeine all derer, deren K\u00f6rper \u2013 von Granaten zerfetzt \u2013 irgendwo aufgefunden wurden und keiner Person mehr zugeordnet werden konnten. An den Marmorw\u00e4nden des Mausoleums hat man ihnen zumindest ihre Namen wiedergegeben.<\/p>\n\n\n\n<p>Wir sind in Verdun. Hier hat das sinnlose Abschlachten von Menschenleben, das Grauen der Materialschlacht, die Sinnlosigkeit des Krieges eine Verortung und einen Namen gefunden. Verdun, dieser kleine beschauliche Ort an der Maas, steht f\u00fcr all das, was nie wieder sein darf \u2013 und mitten in Europa doch schon wieder grausame Wirklichkeit ist. Menschenleben werden dahin gegeben f\u00fcr irgendeine Ideologie, f\u00fcr irgendwelche \u201eh\u00f6heren Ziele\u201c.<\/p>\n\n\n\n<p>So stehen wir also hier, bedr\u00fcckt von dem, was uns umgibt, beklommen von dem, was wir zuvor im Museum MEMORIAL DE VERDUN an Schreckensbildern gesehen haben. F\u00fcr die beiden Partnerst\u00e4dte legen C\u00e9line Foss\u00e9 und Lisa Grothues ein Blumengebinde am Denkmal des unbekannten Soldaten nieder. Auf dem Sockel neben dem Eingang liest Jean-Louis Gonin aus Kriegsberichten deutsch-franz\u00f6sischer Zeitzeugen vor, stimmen Rudi Sailer und Michael Reinig auf ihren Instrumenten ohnm\u00e4chtigen Friedensboten gleich \u201eSag mir, wo die Blumen sind\u201c und die Europahymne an. Ein Abendspaziergang f\u00fchrt uns noch durch das \u201eDorf\u201c Fleury-devant-DOUAUMONT. In dem Namen steckt das franz\u00f6sische Wort f\u00fcr \u201eBlume\u201c drin, doch die Blumen sind hier verschwunden, ebenso wie die H\u00e4user und Menschen, denn die Erde ist noch heute von unz\u00e4hligen Kratern aufgerissen. Gedenksteine erinnern daran, wo fr\u00fcher einmal Menschen lebten und arbeiteten. Michael Reinig<\/p>\n","protected":false},"excerpt":{"rendered":"<p>Anl\u00e4sslich des 50j\u00e4hrigen Jubil\u00e4ums trafen sich deutsche und franz\u00f6sische Mitglieder der Partnerschaft St. Ilgen \u2013 Tigy und Vertreter*innen der beiden Partnerst\u00e4dte auf halber Strecke in &hellip; <\/p>\n","protected":false},"author":2,"featured_media":209,"comment_status":"open","ping_status":"closed","sticky":false,"template":"","format":"standard","meta":{"footnotes":""},"categories":[1],"tags":[],"class_list":["post-212","post","type-post","status-publish","format-standard","has-post-thumbnail","hentry","category-uncategorized"],"_links":{"self":[{"href":"https:\/\/st-ilgen-tigy.de\/index.php\/wp-json\/wp\/v2\/posts\/212","targetHints":{"allow":["GET"]}}],"collection":[{"href":"https:\/\/st-ilgen-tigy.de\/index.php\/wp-json\/wp\/v2\/posts"}],"about":[{"href":"https:\/\/st-ilgen-tigy.de\/index.php\/wp-json\/wp\/v2\/types\/post"}],"author":[{"embeddable":true,"href":"https:\/\/st-ilgen-tigy.de\/index.php\/wp-json\/wp\/v2\/users\/2"}],"replies":[{"embeddable":true,"href":"https:\/\/st-ilgen-tigy.de\/index.php\/wp-json\/wp\/v2\/comments?post=212"}],"version-history":[{"count":2,"href":"https:\/\/st-ilgen-tigy.de\/index.php\/wp-json\/wp\/v2\/posts\/212\/revisions"}],"predecessor-version":[{"id":215,"href":"https:\/\/st-ilgen-tigy.de\/index.php\/wp-json\/wp\/v2\/posts\/212\/revisions\/215"}],"wp:featuredmedia":[{"embeddable":true,"href":"https:\/\/st-ilgen-tigy.de\/index.php\/wp-json\/wp\/v2\/media\/209"}],"wp:attachment":[{"href":"https:\/\/st-ilgen-tigy.de\/index.php\/wp-json\/wp\/v2\/media?parent=212"}],"wp:term":[{"taxonomy":"category","embeddable":true,"href":"https:\/\/st-ilgen-tigy.de\/index.php\/wp-json\/wp\/v2\/categories?post=212"},{"taxonomy":"post_tag","embeddable":true,"href":"https:\/\/st-ilgen-tigy.de\/index.php\/wp-json\/wp\/v2\/tags?post=212"}],"curies":[{"name":"wp","href":"https:\/\/api.w.org\/{rel}","templated":true}]}}