{"id":198,"date":"2022-09-08T07:51:45","date_gmt":"2022-09-08T07:51:45","guid":{"rendered":"http:\/\/st-ilgen-tigy.de\/?p=198"},"modified":"2022-09-08T07:51:46","modified_gmt":"2022-09-08T07:51:46","slug":"ausserordentliche-mitgliederversammlung-beschliesst-satzungsaenderungen-und-beitragssatzung","status":"publish","type":"post","link":"https:\/\/st-ilgen-tigy.de\/index.php\/2022\/09\/08\/ausserordentliche-mitgliederversammlung-beschliesst-satzungsaenderungen-und-beitragssatzung\/","title":{"rendered":"Au\u00dferordentliche Mitgliederversammlung beschlie\u00dft Satzungs\u00e4nderungen und Beitragssatzung"},"content":{"rendered":"\n<p>Eine so intensive, teils hitzige, aber immer konstruktive Diskussion hatte ich ehrlich gesagt nicht erwartet. Das lag aber sicherlich daran, dass zu der au\u00dferordentlichen Mitgliederversammlung, zu der das Komitee am 06. September geladen hatte, nur die kamen, die ein echtes Interesse am Thema hatten: der Satzungs\u00e4nderung und der Verabschiedung einer Beitragssatzung. Nach ein paar einleitenden Worten von Pr\u00e4sident Rudi Sailer zur Notwendigkeit der Neufassung, stellte Vizepr\u00e4sident Bobby Sch\u00f6pe die geplanten \u00c4nderungen vor und sich den anschlie\u00dfenden Fragen und Kritikpunkten.<\/p>\n\n\n\n<p>Ab wann ist zum Beispiel ein Mitglied stimmberechtigt? Oder wer geh\u00f6rt eigentlich zum Vorstand und welche finanziellen Befugnisse hat er? Wie steht es mit dem Verh\u00e4ltnis zur Stadt und braucht es einen eigenen Jugendbeauftragten? Wie wird zuk\u00fcnftig zu Mitgliederversammlungen eingeladen und welche Erfordernisse bringt der Datenschutz mit sich? Fragen, die mitunter durchaus hart und kontrovers diskutiert und in Einzelabstimmungen gekl\u00e4rt wurden, letztendlich als Gesamtpaket dann aber doch einstimmig verabschiedet wurden.<\/p>\n\n\n\n<p>Um in Mitgliederversammlungen Beitrags\u00e4nderungen unabh\u00e4ngig von der Satzung beschlie\u00dfen zu k\u00f6nnen, wurde ferner eine eigene Beitragssatzung verabschiedet, in der es im Wesentlichen um die Definition der Familienmitgliedschaften ging. Also konkret um die Frage, wie lange ist ein Kind beitragsfrei. Nach Vorlage und Freigabe durch das Registergericht erfolgt die Ver\u00f6ffentlichung beider Satzungen auf unserer Homepage. Der Punkt \u201eVerschiedenes\u201c galt dem anstehenden Einsatz beim Kerwestand und der Ende Oktober geplanten Fahrt nach Verdun. MR<\/p>\n","protected":false},"excerpt":{"rendered":"<p>Eine so intensive, teils hitzige, aber immer konstruktive Diskussion hatte ich ehrlich gesagt nicht erwartet. Das lag aber sicherlich daran, dass zu der au\u00dferordentlichen Mitgliederversammlung, &hellip; <\/p>\n","protected":false},"author":2,"featured_media":0,"comment_status":"open","ping_status":"closed","sticky":false,"template":"","format":"standard","meta":{"footnotes":""},"categories":[1],"tags":[],"class_list":["post-198","post","type-post","status-publish","format-standard","hentry","category-uncategorized"],"_links":{"self":[{"href":"https:\/\/st-ilgen-tigy.de\/index.php\/wp-json\/wp\/v2\/posts\/198","targetHints":{"allow":["GET"]}}],"collection":[{"href":"https:\/\/st-ilgen-tigy.de\/index.php\/wp-json\/wp\/v2\/posts"}],"about":[{"href":"https:\/\/st-ilgen-tigy.de\/index.php\/wp-json\/wp\/v2\/types\/post"}],"author":[{"embeddable":true,"href":"https:\/\/st-ilgen-tigy.de\/index.php\/wp-json\/wp\/v2\/users\/2"}],"replies":[{"embeddable":true,"href":"https:\/\/st-ilgen-tigy.de\/index.php\/wp-json\/wp\/v2\/comments?post=198"}],"version-history":[{"count":1,"href":"https:\/\/st-ilgen-tigy.de\/index.php\/wp-json\/wp\/v2\/posts\/198\/revisions"}],"predecessor-version":[{"id":199,"href":"https:\/\/st-ilgen-tigy.de\/index.php\/wp-json\/wp\/v2\/posts\/198\/revisions\/199"}],"wp:attachment":[{"href":"https:\/\/st-ilgen-tigy.de\/index.php\/wp-json\/wp\/v2\/media?parent=198"}],"wp:term":[{"taxonomy":"category","embeddable":true,"href":"https:\/\/st-ilgen-tigy.de\/index.php\/wp-json\/wp\/v2\/categories?post=198"},{"taxonomy":"post_tag","embeddable":true,"href":"https:\/\/st-ilgen-tigy.de\/index.php\/wp-json\/wp\/v2\/tags?post=198"}],"curies":[{"name":"wp","href":"https:\/\/api.w.org\/{rel}","templated":true}]}}