{"id":189,"date":"2021-11-21T17:07:55","date_gmt":"2021-11-21T17:07:55","guid":{"rendered":"http:\/\/st-ilgen-tigy.de\/?p=189"},"modified":"2021-11-21T17:07:57","modified_gmt":"2021-11-21T17:07:57","slug":"gipfeltreffen-in-colmar","status":"publish","type":"post","link":"https:\/\/st-ilgen-tigy.de\/index.php\/2021\/11\/21\/gipfeltreffen-in-colmar\/","title":{"rendered":"Gipfeltreffen in Colmar"},"content":{"rendered":"\n<p>Gro\u00dfe Ereignisse werfen bekanntlich ihre Schatten voraus. So auch das 50-j\u00e4hrige Partnerschaftsjubil\u00e4um mit unserer Partnergemeinde Tigy. Zur Feinabstimmung der geplanten Festivit\u00e4ten \u2013 u. a. einem Besuch im Leonardo-da Vinci-Park in Amboise &#8211; trafen sich die beiden Partnerschaftskomitees auf (fast) halber Strecke im els\u00e4ssischen Colmar. Und dies wiederum war in dieser langen gemeinsamen Geschichte ein Novum, denn eine gemeinsame Tagung der beiden Komitees hatte es vorab noch nie gegeben. Der direkte Austausch funktionierte auf Anhieb so gut, dass er Lust auf mehr machte. Und da \u2013 Corona sei Dank \u2013 Zoom-Konferenzen inzwischen schon zur Alltags-Routine geh\u00f6ren, kann dies zuk\u00fcnftig durchaus auch virtuell geschehen. Doch diesmal \u00fcberwog freilich die Freude, sich nach so langer Zeit endlich einmal wieder leibhaftig begegnen zu k\u00f6nnen.<\/p>\n\n\n\n<p>Eigentlich h\u00e4tte das Jubil\u00e4um ja schon voriges Jahr sein sollen, doch lie\u00dfen das die Inzidenzwerte bislang nicht zu. Mit der Hoffnung auf ein Ende der Pandemie nun also der neue Termin Himmelfahrt 2022. Eine f\u00fcr dieses Jahr geplante gemeinsame Veranstaltung in Verdun muss ebenfalls Corona bedingt auf den 1. November 2022 verschoben werden. 2023 wird dann Wochenende um den 1. Mai die Jubil\u00e4umsfeier in St. Ilgen stattfinden.<\/p>\n\n\n\n<p>Eine zentrale Stelle der Beratungen nahm die Intensivierung des Sch\u00fcler &#8211; und Jugendaustausches ein. Dieser hatte in den letzten Jahren dank des unerm\u00fcdlichen Einsatzes von Jochen Benk\u00f6, seines Zeichens Franz\u00f6sischlehrer am Sandh\u00e4user Gymnasium, neuen Auftrieb erhalten, sodass am College Tigy wieder mehr Sch\u00fcler den Wunsch versp\u00fcren Deutsch zu lernen und sich f\u00fcr den Austausch interessieren, wie Pr\u00e4sident Guy Duteriez lobend hervorhob. Besser kann deutsch-franz\u00f6sische Partnerschaftsarbeit nicht funktionieren!<\/p>\n\n\n\n<p>Der fr\u00fchere Deutschlehrer am College Jean-Pierre Ingold \u2013 inzwischen wohnhaft in Colmar &#8211; hatte ein kenntnisreiches touristisch-kulturelles Begleitprogramm ausgearbeitet: Rundgang durch Colmar, Besichtigung des ber\u00fchmten Isenheimer Altars im Musee Unterlinden, die reizvollen Winzerst\u00e4dtchen Kaysersberg und Eguisheim. MR<\/p>\n\n\n\n<figure class=\"wp-block-image size-thumbnail\"><a href=\"https:\/\/www.buergerfonds.eu\/\"><img loading=\"lazy\" decoding=\"async\" width=\"150\" height=\"150\" src=\"http:\/\/st-ilgen-tigy.de\/wp-content\/uploads\/2021\/11\/logo_dfbfonds_rgb_transparent-150x150.png\" alt=\"\" class=\"wp-image-191\"\/><\/a><\/figure>\n\n\n\n<p>Dieses Treffen wurde durch die finanzielle Unterst\u00fctzung des Deutsch-Franz\u00f6sischen B\u00fcrgerfonds erm\u00f6glicht. Der Deutsch-Franz\u00f6sische B\u00fcrgerfonds ber\u00e4t, vernetzt und finanziert Projekte, die die deutsch-franz\u00f6sische Freundschaft und Europa in der Breite der Bev\u00f6lkerung erlebbar machen. Er f\u00f6rdert eine Vielzahl an Formaten und Themen, ist niedrigschwellig und steht allen Akteuren der Zivilgesellschaft offen. Der B\u00fcrgerfonds geht auf den im Jahr 2019 zwischen Deutschland und Frankreich geschlossenen Vertrag von Aachen zur\u00fcck und wurde im April 2020 errichtet. Er wird vom Deutsch-Franz\u00f6sischen Jugendwerk (DFJW) umgesetzt und wird zu gleichen Teilen von der Bundesregierung und der franz\u00f6sischen Regierung finanziert.<\/p>\n","protected":false},"excerpt":{"rendered":"<p>Gro\u00dfe Ereignisse werfen bekanntlich ihre Schatten voraus. So auch das 50-j\u00e4hrige Partnerschaftsjubil\u00e4um mit unserer Partnergemeinde Tigy. Zur Feinabstimmung der geplanten Festivit\u00e4ten \u2013 u. a. einem &hellip; <\/p>\n","protected":false},"author":2,"featured_media":0,"comment_status":"open","ping_status":"closed","sticky":false,"template":"","format":"standard","meta":{"footnotes":""},"categories":[1],"tags":[],"class_list":["post-189","post","type-post","status-publish","format-standard","hentry","category-uncategorized"],"_links":{"self":[{"href":"https:\/\/st-ilgen-tigy.de\/index.php\/wp-json\/wp\/v2\/posts\/189","targetHints":{"allow":["GET"]}}],"collection":[{"href":"https:\/\/st-ilgen-tigy.de\/index.php\/wp-json\/wp\/v2\/posts"}],"about":[{"href":"https:\/\/st-ilgen-tigy.de\/index.php\/wp-json\/wp\/v2\/types\/post"}],"author":[{"embeddable":true,"href":"https:\/\/st-ilgen-tigy.de\/index.php\/wp-json\/wp\/v2\/users\/2"}],"replies":[{"embeddable":true,"href":"https:\/\/st-ilgen-tigy.de\/index.php\/wp-json\/wp\/v2\/comments?post=189"}],"version-history":[{"count":2,"href":"https:\/\/st-ilgen-tigy.de\/index.php\/wp-json\/wp\/v2\/posts\/189\/revisions"}],"predecessor-version":[{"id":192,"href":"https:\/\/st-ilgen-tigy.de\/index.php\/wp-json\/wp\/v2\/posts\/189\/revisions\/192"}],"wp:attachment":[{"href":"https:\/\/st-ilgen-tigy.de\/index.php\/wp-json\/wp\/v2\/media?parent=189"}],"wp:term":[{"taxonomy":"category","embeddable":true,"href":"https:\/\/st-ilgen-tigy.de\/index.php\/wp-json\/wp\/v2\/categories?post=189"},{"taxonomy":"post_tag","embeddable":true,"href":"https:\/\/st-ilgen-tigy.de\/index.php\/wp-json\/wp\/v2\/tags?post=189"}],"curies":[{"name":"wp","href":"https:\/\/api.w.org\/{rel}","templated":true}]}}